{"id":19021,"date":"2023-01-17T11:22:18","date_gmt":"2023-01-17T14:22:18","guid":{"rendered":"http:\/\/www.muricionline.com.br\/novo\/?p=19021"},"modified":"2023-01-17T11:22:18","modified_gmt":"2023-01-17T14:22:18","slug":"tenho-70-anos-nunca-vi-um-prefeito-entregar-cesta-basica-na-casa-da-gente-como-a-dra-christiane-diz-santanense","status":"publish","type":"post","link":"http:\/\/www.muricionline.com.br\/novo\/?p=19021","title":{"rendered":"Tenho 70 anos, nunca vi um prefeito entregar cesta b\u00e1sica na casa da gente como a Dra. Christiane\u201d, diz santanense"},"content":{"rendered":"<p>Cuidar das pessoas \u00e9 a miss\u00e3o principal da gest\u00e3o da prefeita Christiane Bulh\u00f5es. Em 2022, o Governo de Confian\u00e7a fortaleceu os programas sociais, firmou importantes parcerias e ampliou a assist\u00eancia para aqueles que mais precisam, por meio da Secretaria Municipal do Trabalho, Assist\u00eancia e Desenvolvimento Social.<\/p>\n<p>Em um v\u00eddeo divulgado pela Prefeitura, com o balan\u00e7o das a\u00e7\u00f5es realizadas ao longo do ano passado, a gest\u00e3o destaca O Carnaval Solid\u00e1rio que ddistribuiu 4 mil cestas b\u00e1sicas para fam\u00edlias em situa\u00e7\u00e3o de vulnerabilidade social, a entrega do Peixe da Semana Santa para 8.500 fam\u00edlias, a continuidade do Programa A\u00e7\u00e3o e Cidadania, maior programa de distribui\u00e7\u00e3o de alimentos da hist\u00f3ria de Santana que beneficiou mais de 9.500 fam\u00edlias na cidade e na zona rural com cesta b\u00e1sica e investiu mais de 2 milh\u00f5es de reais com recursos pr\u00f3prios do povo santanense.<\/p>\n<p>Uma das fam\u00edlias beneficiadas foi a de dona Cicera Otilia, que gravou um v\u00eddeo para falar de sua alegria em receber a prefeita em casa. Ela revelou que nos seus 70 anos, nunca viu um prefeito entregar a cesta b\u00e1sica em sua casa.<\/p>\n<p>O apoio do deputado federal Isnaldo Bulh\u00f5es, foi de fundamental import\u00e2ncia para apoiar as institui\u00e7\u00f5es sociais do munic\u00edpio com a destina\u00e7\u00e3o de recursos para melhorias dos servi\u00e7os da Casa do Menor, o Instituto Santana Cant\u00e9, o Abrigo S\u00e3o Vicente e a Associa\u00e7\u00e3o Filho de Davi.<\/p>\n<p>Em parceria com o Governo de Alagoas, o munic\u00edpio inaugurou o Complexo Nutricional Dr. Isnaldo Bulh\u00f5es Barros, beneficiando 200 fam\u00edlias com 400 litros de sopa e 800 p\u00e3es. Ainda em parceria com o Estado a entrega de mais de 7 mil cestas b\u00e1sicas por meio do Pacto Contra a Fome.<\/p>\n<p>As campanhas de conscientiza\u00e7\u00e3o pelo fim da explora\u00e7\u00e3o e de todos os tipos de viol\u00eancia contra crian\u00e7as, adolescentes, mulheres e idosos.<\/p>\n<p>A inaugura\u00e7\u00e3o da Casa do Empreendedor, que colocou santana como refer\u00eancia para toda a regi\u00e3o no apoio aos micro e pequenos neg\u00f3cios.<\/p>\n<p>Dentre ouytras a\u00e7\u00f5es que fizeram Santana avan\u00e7ar e podem serem conferidas no v\u00eddeo: https:\/\/www.instagram.com\/reel\/CneMWK9h86K\/?utm_source=ig_web_copy_link<\/p>\n<p>&nbsp;<\/p>\n<p>Com Assessoria&nbsp;<\/p>\n<span style=\"clear:both;display:none;\"><img src=\"http:\/\/www.muricionline.com.br\/novo\/wp-content\/plugins\/wp-spamfree\/img\/wpsf-img.php\" width=\"0\" height=\"0\" alt=\"\" style=\"border-style:none;width:0px;height:0px;display:none;\" \/><\/span>","protected":false},"excerpt":{"rendered":"<p>Cuidar das pessoas \u00e9 a miss\u00e3o principal da gest\u00e3o da prefeita Christiane Bulh\u00f5es. Em 2022, o Governo de Confian\u00e7a fortaleceu os programas sociais, firmou importantes parcerias e ampliou a assist\u00eancia para aqueles que mais precisam, por meio da Secretaria Municipal do Trabalho, Assist\u00eancia e Desenvolvimento Social. Em um v\u00eddeo divulgado pela Prefeitura, com o balan\u00e7o&#8230;<\/p>\n","protected":false},"author":1,"featured_media":19022,"comment_status":"open","ping_status":"open","sticky":false,"template":"","format":"standard","meta":{"footnotes":""},"categories":[1],"tags":[5],"_links":{"self":[{"href":"http:\/\/www.muricionline.com.br\/novo\/index.php?rest_route=\/wp\/v2\/posts\/19021"}],"collection":[{"href":"http:\/\/www.muricionline.com.br\/novo\/index.php?rest_route=\/wp\/v2\/posts"}],"about":[{"href":"http:\/\/www.muricionline.com.br\/novo\/index.php?rest_route=\/wp\/v2\/types\/post"}],"author":[{"embeddable":true,"href":"http:\/\/www.muricionline.com.br\/novo\/index.php?rest_route=\/wp\/v2\/users\/1"}],"replies":[{"embeddable":true,"href":"http:\/\/www.muricionline.com.br\/novo\/index.php?rest_route=%2Fwp%2Fv2%2Fcomments&post=19021"}],"version-history":[{"count":1,"href":"http:\/\/www.muricionline.com.br\/novo\/index.php?rest_route=\/wp\/v2\/posts\/19021\/revisions"}],"predecessor-version":[{"id":19023,"href":"http:\/\/www.muricionline.com.br\/novo\/index.php?rest_route=\/wp\/v2\/posts\/19021\/revisions\/19023"}],"wp:featuredmedia":[{"embeddable":true,"href":"http:\/\/www.muricionline.com.br\/novo\/index.php?rest_route=\/wp\/v2\/media\/19022"}],"wp:attachment":[{"href":"http:\/\/www.muricionline.com.br\/novo\/index.php?rest_route=%2Fwp%2Fv2%2Fmedia&parent=19021"}],"wp:term":[{"taxonomy":"category","embeddable":true,"href":"http:\/\/www.muricionline.com.br\/novo\/index.php?rest_route=%2Fwp%2Fv2%2Fcategories&post=19021"},{"taxonomy":"post_tag","embeddable":true,"href":"http:\/\/www.muricionline.com.br\/novo\/index.php?rest_route=%2Fwp%2Fv2%2Ftags&post=19021"}],"curies":[{"name":"wp","href":"https:\/\/api.w.org\/{rel}","templated":true}]}}