{"id":19034,"date":"2023-01-18T10:12:40","date_gmt":"2023-01-18T13:12:40","guid":{"rendered":"http:\/\/www.muricionline.com.br\/novo\/?p=19034"},"modified":"2023-01-18T10:12:40","modified_gmt":"2023-01-18T13:12:40","slug":"santana-do-ipanema-marca-presenca-no-1o-seminario-alagoano-de-prefeitos-e-gestores-da-educacao","status":"publish","type":"post","link":"http:\/\/www.muricionline.com.br\/novo\/?p=19034","title":{"rendered":"Santana do Ipanema marca presen\u00e7a no 1\u00ba Semin\u00e1rio Alagoano de Prefeitos e Gestores da Educa\u00e7\u00e3o"},"content":{"rendered":"<p>O munic\u00edpio de Santana do Ipanema marcou presen\u00e7a no 1\u00ba Semin\u00e1rio Alagoano de Prefeitos e Gestores da Educa\u00e7\u00e3o, realizado nesta segunda-feira (16), no Teatro Gustavo Leite, em Macei\u00f3. O evento foi marcedo por muito aprendizado e troca de experi\u00eancias.<\/p>\n<p>A prefeita Christiane Bulh\u00f5es, acompanhada dos secret\u00e1rios de Educa\u00e7\u00e3o, J\u00fanior Genu\u00edno e de Governo, Renilde Bulh\u00f5es, al\u00e9m da equipe pedag\u00f3gica da Secretaria Muniucipal de Educa\u00e7\u00e3o, participou desse momento de grande import\u00e2ncia para o fortalecimento das a\u00e7\u00f5es.<\/p>\n<p>O Semin\u00e1rio trouxe temas relevantes como os 7 passos para melhorar o \u00cdndice de Desenvolvimento da Educa\u00e7\u00e3o B\u00e1sica (Ideb) do munic\u00edpio e os desafios e perspectivas na forma\u00e7\u00e3o de educadores, levando conhecimento sobre a expestrutura\u00e7\u00e3o de a\u00e7\u00f5es da pol\u00edtica educacional que impactam na aprendizagem escolar, dificuldades e os transtornos de aprendizagem, bem como, as tecnologias educacionais das abordagens inovadoras na educa\u00e7\u00e3o. Tudo isso para melhorar o aprendizado e \u00edndices de avalia\u00e7\u00f5es para os Munic\u00edpios do Estado de Alagoas.<\/p>\n<p>Palestraram o Diretor-presidente da Escola de Forma\u00e7\u00e3o Permanente do Magist\u00e9rio e Gest\u00e3o Educacional (ESFAPEGE), Amaury Gomes, a Psicopedagogia e Neuropsicopedagogia Institucional e Cl\u00ednica, Gislene Muniz, o Secret\u00e1rio da Educa\u00e7\u00e3o de Sobral, Herbert Lima, o Secret\u00e1rio da Educa\u00e7\u00e3o de Eus\u00e9bio, J\u00falio Cesar Alexandre, a integrante da Comiss\u00e3o T\u00e9cnica no Instituto Nacional de Estudos e Pesquisas Educacionais An\u00edsio Teixeira (INEP), Luiza Hippolyto e o Diretor Pedag\u00f3gico do Instituto Gestar, Thiago Bicalho Diretor.<\/p>\n<p>Com Assessoria&nbsp;<\/p>\n<span style=\"clear:both;display:none;\"><img src=\"http:\/\/www.muricionline.com.br\/novo\/wp-content\/plugins\/wp-spamfree\/img\/wpsf-img.php\" width=\"0\" height=\"0\" alt=\"\" style=\"border-style:none;width:0px;height:0px;display:none;\" \/><\/span>","protected":false},"excerpt":{"rendered":"<p>O munic\u00edpio de Santana do Ipanema marcou presen\u00e7a no 1\u00ba Semin\u00e1rio Alagoano de Prefeitos e Gestores da Educa\u00e7\u00e3o, realizado nesta segunda-feira (16), no Teatro Gustavo Leite, em Macei\u00f3. O evento foi marcedo por muito aprendizado e troca de experi\u00eancias. A prefeita Christiane Bulh\u00f5es, acompanhada dos secret\u00e1rios de Educa\u00e7\u00e3o, J\u00fanior Genu\u00edno e de Governo, Renilde Bulh\u00f5es,&#8230;<\/p>\n","protected":false},"author":1,"featured_media":19035,"comment_status":"open","ping_status":"open","sticky":false,"template":"","format":"standard","meta":{"footnotes":""},"categories":[1],"tags":[5],"_links":{"self":[{"href":"http:\/\/www.muricionline.com.br\/novo\/index.php?rest_route=\/wp\/v2\/posts\/19034"}],"collection":[{"href":"http:\/\/www.muricionline.com.br\/novo\/index.php?rest_route=\/wp\/v2\/posts"}],"about":[{"href":"http:\/\/www.muricionline.com.br\/novo\/index.php?rest_route=\/wp\/v2\/types\/post"}],"author":[{"embeddable":true,"href":"http:\/\/www.muricionline.com.br\/novo\/index.php?rest_route=\/wp\/v2\/users\/1"}],"replies":[{"embeddable":true,"href":"http:\/\/www.muricionline.com.br\/novo\/index.php?rest_route=%2Fwp%2Fv2%2Fcomments&post=19034"}],"version-history":[{"count":1,"href":"http:\/\/www.muricionline.com.br\/novo\/index.php?rest_route=\/wp\/v2\/posts\/19034\/revisions"}],"predecessor-version":[{"id":19036,"href":"http:\/\/www.muricionline.com.br\/novo\/index.php?rest_route=\/wp\/v2\/posts\/19034\/revisions\/19036"}],"wp:featuredmedia":[{"embeddable":true,"href":"http:\/\/www.muricionline.com.br\/novo\/index.php?rest_route=\/wp\/v2\/media\/19035"}],"wp:attachment":[{"href":"http:\/\/www.muricionline.com.br\/novo\/index.php?rest_route=%2Fwp%2Fv2%2Fmedia&parent=19034"}],"wp:term":[{"taxonomy":"category","embeddable":true,"href":"http:\/\/www.muricionline.com.br\/novo\/index.php?rest_route=%2Fwp%2Fv2%2Fcategories&post=19034"},{"taxonomy":"post_tag","embeddable":true,"href":"http:\/\/www.muricionline.com.br\/novo\/index.php?rest_route=%2Fwp%2Fv2%2Ftags&post=19034"}],"curies":[{"name":"wp","href":"https:\/\/api.w.org\/{rel}","templated":true}]}}