{"id":19040,"date":"2023-01-19T18:01:07","date_gmt":"2023-01-19T21:01:07","guid":{"rendered":"http:\/\/www.muricionline.com.br\/novo\/?p=19040"},"modified":"2023-01-19T18:01:07","modified_gmt":"2023-01-19T21:01:07","slug":"semed-promove-a-segunda-edicao-do-projeto-murici-vai-as-ferias-para-estudantes-da-rede-municipal","status":"publish","type":"post","link":"http:\/\/www.muricionline.com.br\/novo\/?p=19040","title":{"rendered":"SEMED promove a segunda edi\u00e7\u00e3o do \u201cProjeto Murici Vai \u00c0s F\u00e9rias&#8221; para estudantes da rede municipal"},"content":{"rendered":"<p>As f\u00e9rias dos estudantes da rede municipal de ensino ficar\u00e3o ainda mais animadas. A Prefeitura de Murici e a Secretaria Municipal de Educa\u00e7\u00e3o promovem de 23 a 26 de janeiro, na Pra\u00e7a Padre C\u00edcero, o projeto \u201cMurici Vai \u00c0s F\u00e9rias: educa\u00e7\u00e3o, esporte e lazer\u201d, oportunizando ao p\u00fablico participante diversas op\u00e7\u00f5es de lazer e pr\u00e1ticas esportivas.<\/p>\n<p>O evento contar\u00e1 com as modalidades de futemesa, futev\u00f4lei, beach soccer, atletismo, handebol, v\u00f4leibol, funcional kids, al\u00e9m de oficinas de confec\u00e7\u00e3o de pipa, jogos de tabuleiro e pintura facial.<\/p>\n<p>O projeto busca promover pr\u00e1ticas diferenciadas para os estudantes durante as f\u00e9rias escolares, com foco em atividades f\u00edsicas, estimulando a integra\u00e7\u00e3o entre o esporte e a escola para uma vida mais saud\u00e1vel.<\/p>\n<p>Com Assessoria<\/p>\n<span style=\"clear:both;display:none;\"><img src=\"http:\/\/www.muricionline.com.br\/novo\/wp-content\/plugins\/wp-spamfree\/img\/wpsf-img.php\" width=\"0\" height=\"0\" alt=\"\" style=\"border-style:none;width:0px;height:0px;display:none;\" \/><\/span>","protected":false},"excerpt":{"rendered":"<p>As f\u00e9rias dos estudantes da rede municipal de ensino ficar\u00e3o ainda mais animadas. A Prefeitura de Murici e a Secretaria Municipal de Educa\u00e7\u00e3o promovem de 23 a 26 de janeiro, na Pra\u00e7a Padre C\u00edcero, o projeto \u201cMurici Vai \u00c0s F\u00e9rias: educa\u00e7\u00e3o, esporte e lazer\u201d, oportunizando ao p\u00fablico participante diversas op\u00e7\u00f5es de lazer e pr\u00e1ticas esportivas&#8230;.<\/p>\n","protected":false},"author":1,"featured_media":19041,"comment_status":"open","ping_status":"open","sticky":false,"template":"","format":"standard","meta":{"footnotes":""},"categories":[7,1],"tags":[5],"_links":{"self":[{"href":"http:\/\/www.muricionline.com.br\/novo\/index.php?rest_route=\/wp\/v2\/posts\/19040"}],"collection":[{"href":"http:\/\/www.muricionline.com.br\/novo\/index.php?rest_route=\/wp\/v2\/posts"}],"about":[{"href":"http:\/\/www.muricionline.com.br\/novo\/index.php?rest_route=\/wp\/v2\/types\/post"}],"author":[{"embeddable":true,"href":"http:\/\/www.muricionline.com.br\/novo\/index.php?rest_route=\/wp\/v2\/users\/1"}],"replies":[{"embeddable":true,"href":"http:\/\/www.muricionline.com.br\/novo\/index.php?rest_route=%2Fwp%2Fv2%2Fcomments&post=19040"}],"version-history":[{"count":1,"href":"http:\/\/www.muricionline.com.br\/novo\/index.php?rest_route=\/wp\/v2\/posts\/19040\/revisions"}],"predecessor-version":[{"id":19042,"href":"http:\/\/www.muricionline.com.br\/novo\/index.php?rest_route=\/wp\/v2\/posts\/19040\/revisions\/19042"}],"wp:featuredmedia":[{"embeddable":true,"href":"http:\/\/www.muricionline.com.br\/novo\/index.php?rest_route=\/wp\/v2\/media\/19041"}],"wp:attachment":[{"href":"http:\/\/www.muricionline.com.br\/novo\/index.php?rest_route=%2Fwp%2Fv2%2Fmedia&parent=19040"}],"wp:term":[{"taxonomy":"category","embeddable":true,"href":"http:\/\/www.muricionline.com.br\/novo\/index.php?rest_route=%2Fwp%2Fv2%2Fcategories&post=19040"},{"taxonomy":"post_tag","embeddable":true,"href":"http:\/\/www.muricionline.com.br\/novo\/index.php?rest_route=%2Fwp%2Fv2%2Ftags&post=19040"}],"curies":[{"name":"wp","href":"https:\/\/api.w.org\/{rel}","templated":true}]}}