{"id":19067,"date":"2023-01-23T07:46:41","date_gmt":"2023-01-23T10:46:41","guid":{"rendered":"http:\/\/www.muricionline.com.br\/novo\/?p=19067"},"modified":"2023-01-23T07:46:41","modified_gmt":"2023-01-23T10:46:41","slug":"procissao-e-shows-artisticos-encerram-festejos-de-sao-sebastiao-em-branquinha","status":"publish","type":"post","link":"http:\/\/www.muricionline.com.br\/novo\/?p=19067","title":{"rendered":"Prociss\u00e3o e shows art\u00edsticos encerram festejos de S\u00e3o Sebasti\u00e3o em Branquinha"},"content":{"rendered":"<p>Desde o \u00faltimo dia 13, a comunidade cat\u00f3lica do munic\u00edpio de Branquinha vivenciou dias de ora\u00e7\u00e3o, devo\u00e7\u00e3o, reflex\u00e3o, encontros e reencontros, na grande festa em honra ao padroeiro, S\u00e3o Sebasti\u00e3o. Na tarde deste domingo (22), centenas de fi\u00e9is percorreram as principais ruas da cidade em prociss\u00e3o &#8211; no ato solene que encerra as festividades de 2023, conduzida pelo Pe. Jos\u00e9 Maur\u00edcio.<\/p>\n<p><a href=\"http:\/\/www.muricionline.com.br\/novo\/wp-content\/uploads\/2023\/01\/92B9AD2C-5E2A-49B7-8572-14A396D89D81.jpeg\"><img loading=\"lazy\" decoding=\"async\" class=\"aligncenter size-full wp-image-19069\" src=\"http:\/\/www.muricionline.com.br\/novo\/wp-content\/uploads\/2023\/01\/92B9AD2C-5E2A-49B7-8572-14A396D89D81.jpeg\" alt=\"\" width=\"1280\" height=\"1010\" srcset=\"http:\/\/www.muricionline.com.br\/novo\/wp-content\/uploads\/2023\/01\/92B9AD2C-5E2A-49B7-8572-14A396D89D81.jpeg 1280w, http:\/\/www.muricionline.com.br\/novo\/wp-content\/uploads\/2023\/01\/92B9AD2C-5E2A-49B7-8572-14A396D89D81-300x237.jpeg 300w, http:\/\/www.muricionline.com.br\/novo\/wp-content\/uploads\/2023\/01\/92B9AD2C-5E2A-49B7-8572-14A396D89D81-768x606.jpeg 768w, http:\/\/www.muricionline.com.br\/novo\/wp-content\/uploads\/2023\/01\/92B9AD2C-5E2A-49B7-8572-14A396D89D81-800x631.jpeg 800w\" sizes=\"(max-width: 1280px) 100vw, 1280px\" \/><\/a><\/p>\n<p>J\u00e1 na programa\u00e7\u00e3o art\u00edstica, a prefeitura promoveu tr\u00eas dias de muita m\u00fasica e anima\u00e7\u00e3o. Nos dias 20, 21 e 22, diversos artistas passaram pelo palco montado no Plat\u00f4 III &#8211; parte alta da cidade. Neste domingo (22), a festa ficou a cargo de Taty Girl, Cavaleiros e PV Mello, que colocaram todo mundo pra dan\u00e7ar ao som de grandes sucessos.<\/p>\n<p>\u201cA festa de S\u00e3o Sebasti\u00e3o \u00e9 uma das mais importantes tradi\u00e7\u00f5es religiosas do nosso munic\u00edpio; e depois de um ano marcado pela enchente, nada mais essencial que fortalecermos nossa f\u00e9 e pedirmos ao nosso padroeiro S\u00e3o Sebasti\u00e3o, mais prote\u00e7\u00e3o e for\u00e7a para o ano que se inicia. Paralelo \u00e0 festividade da Igreja, promovemos essa programa\u00e7\u00e3o art\u00edstica, onde o p\u00fablico curtiu com muita alegria e seguran\u00e7a, sucessos de grandes artistas\u201d, destacou o prefeito Neno Freitas.<\/p>\n<p>A primeira-dama Renata Freitas, o vice-prefeito, Renato Purifica\u00e7\u00e3o, o deputado estadual Remi Calheiros; o presidente da C\u00e2mara, Robinho do Bar, vereadores e lideran\u00e7as, tamb\u00e9m prestigiaram a festividade.<\/p>\n<span style=\"clear:both;display:none;\"><img src=\"http:\/\/www.muricionline.com.br\/novo\/wp-content\/plugins\/wp-spamfree\/img\/wpsf-img.php\" width=\"0\" height=\"0\" alt=\"\" style=\"border-style:none;width:0px;height:0px;display:none;\" \/><\/span>","protected":false},"excerpt":{"rendered":"<p>Desde o \u00faltimo dia 13, a comunidade cat\u00f3lica do munic\u00edpio de Branquinha vivenciou dias de ora\u00e7\u00e3o, devo\u00e7\u00e3o, reflex\u00e3o, encontros e reencontros, na grande festa em honra ao padroeiro, S\u00e3o Sebasti\u00e3o. Na tarde deste domingo (22), centenas de fi\u00e9is percorreram as principais ruas da cidade em prociss\u00e3o &#8211; no ato solene que encerra as festividades de&#8230;<\/p>\n","protected":false},"author":1,"featured_media":19068,"comment_status":"open","ping_status":"open","sticky":false,"template":"","format":"standard","meta":{"footnotes":""},"categories":[1],"tags":[],"_links":{"self":[{"href":"http:\/\/www.muricionline.com.br\/novo\/index.php?rest_route=\/wp\/v2\/posts\/19067"}],"collection":[{"href":"http:\/\/www.muricionline.com.br\/novo\/index.php?rest_route=\/wp\/v2\/posts"}],"about":[{"href":"http:\/\/www.muricionline.com.br\/novo\/index.php?rest_route=\/wp\/v2\/types\/post"}],"author":[{"embeddable":true,"href":"http:\/\/www.muricionline.com.br\/novo\/index.php?rest_route=\/wp\/v2\/users\/1"}],"replies":[{"embeddable":true,"href":"http:\/\/www.muricionline.com.br\/novo\/index.php?rest_route=%2Fwp%2Fv2%2Fcomments&post=19067"}],"version-history":[{"count":1,"href":"http:\/\/www.muricionline.com.br\/novo\/index.php?rest_route=\/wp\/v2\/posts\/19067\/revisions"}],"predecessor-version":[{"id":19070,"href":"http:\/\/www.muricionline.com.br\/novo\/index.php?rest_route=\/wp\/v2\/posts\/19067\/revisions\/19070"}],"wp:featuredmedia":[{"embeddable":true,"href":"http:\/\/www.muricionline.com.br\/novo\/index.php?rest_route=\/wp\/v2\/media\/19068"}],"wp:attachment":[{"href":"http:\/\/www.muricionline.com.br\/novo\/index.php?rest_route=%2Fwp%2Fv2%2Fmedia&parent=19067"}],"wp:term":[{"taxonomy":"category","embeddable":true,"href":"http:\/\/www.muricionline.com.br\/novo\/index.php?rest_route=%2Fwp%2Fv2%2Fcategories&post=19067"},{"taxonomy":"post_tag","embeddable":true,"href":"http:\/\/www.muricionline.com.br\/novo\/index.php?rest_route=%2Fwp%2Fv2%2Ftags&post=19067"}],"curies":[{"name":"wp","href":"https:\/\/api.w.org\/{rel}","templated":true}]}}