{"id":19071,"date":"2023-01-23T07:52:02","date_gmt":"2023-01-23T10:52:02","guid":{"rendered":"http:\/\/www.muricionline.com.br\/novo\/?p=19071"},"modified":"2023-01-23T07:52:15","modified_gmt":"2023-01-23T10:52:15","slug":"santana-do-mundau-encerra-festejos-de-senhora-santana-com-procissao-e-shows","status":"publish","type":"post","link":"http:\/\/www.muricionline.com.br\/novo\/?p=19071","title":{"rendered":"Santana do Munda\u00fa encerra festejos de Senhora Sant\u2019Ana com prociss\u00e3o e shows"},"content":{"rendered":"<p>Com o tema \u201cCom Senhora Sant&#8217;Ana, viver a voca\u00e7\u00e3o na gra\u00e7a e na miss\u00e3o\u201d, a comunidade cat\u00f3lica de Santana do Munda\u00fa celebrou mais um ano de festa da padroeira. Desde o dia 13, a programa\u00e7\u00e3o religiosa conduzida pelo Pe C\u00edcero, foi marcada por diversos atos e manifesta\u00e7\u00f5es de f\u00e9 e devo\u00e7\u00e3o. J\u00e1 neste domingo (22), os fi\u00e9is percorreram as principais ruas da cidade na tradicional e t\u00e3o aguardada prociss\u00e3o.<\/p>\n<p>Nos dias 20, 21 e 22, a prefeitura preparou uma grade art\u00edstica onde artistas da terra e de renome nacional fizeram a alegria do p\u00fablico presente. Neste domingo (22), encerrando a festividade com chave de ouro, Luan Estilizado, Highlander e Peruano, subiram ao palco e fizeram a alegria do p\u00fablico que compareceu em peso ao centro da cidade.<\/p>\n<p><a href=\"http:\/\/www.muricionline.com.br\/novo\/wp-content\/uploads\/2023\/01\/CCC4DB27-8938-471D-A480-99DAFEAC6BCB.jpeg\"><img loading=\"lazy\" decoding=\"async\" class=\"aligncenter size-full wp-image-19073\" src=\"http:\/\/www.muricionline.com.br\/novo\/wp-content\/uploads\/2023\/01\/CCC4DB27-8938-471D-A480-99DAFEAC6BCB.jpeg\" alt=\"\" width=\"1024\" height=\"696\" srcset=\"http:\/\/www.muricionline.com.br\/novo\/wp-content\/uploads\/2023\/01\/CCC4DB27-8938-471D-A480-99DAFEAC6BCB.jpeg 1024w, http:\/\/www.muricionline.com.br\/novo\/wp-content\/uploads\/2023\/01\/CCC4DB27-8938-471D-A480-99DAFEAC6BCB-300x204.jpeg 300w, http:\/\/www.muricionline.com.br\/novo\/wp-content\/uploads\/2023\/01\/CCC4DB27-8938-471D-A480-99DAFEAC6BCB-768x522.jpeg 768w, http:\/\/www.muricionline.com.br\/novo\/wp-content\/uploads\/2023\/01\/CCC4DB27-8938-471D-A480-99DAFEAC6BCB-800x544.jpeg 800w\" sizes=\"(max-width: 1024px) 100vw, 1024px\" \/><\/a><\/p>\n<p>\u201c2022 ficou marcado pela supera\u00e7\u00e3o e garra da nossa gente. Por isso, nada mais importante que aproveitarmos essa tradi\u00e7\u00e3o religiosa para fortalecer nossa f\u00e9 e, com uni\u00e3o, pedirmos \u00e0s ben\u00e7\u00e3os da nossa padroeira Senhora Sant\u2019Ana para que tenhamos um 2023 de muitas alegrias e realiza\u00e7\u00f5es. Tamb\u00e9m resgatamos &#8211; depois de dois anos sem festividade por causa da pandemia, a programa\u00e7\u00e3o art\u00edstica; onde tivemos tr\u00eas dias de muita m\u00fasica e anima\u00e7\u00e3o ao som dos artistas da terra e de nomes conhecidos do grande p\u00fablico. Preparamos tudo com muito carinho, para que os mundauenses e visitantes curtissem a festa com alegria e em seguran\u00e7a, e o resultado n\u00e3o poderia ser outro; mais um ano de sucesso\u201d, disse o prefeito Arthur Freitas.<\/p>\n<p>A primeira-dama, Katherine Farias, a vice-prefeita, Bet\u00e2nia Lino, o deputado estadual Breno Albuquerque, vereadores, prefeitos da regi\u00e3o, lideran\u00e7as e autoridades tamb\u00e9m prestigiaram o evento.<\/p>\n<p>Com Assessoria&nbsp;<\/p>\n<span style=\"clear:both;display:none;\"><img src=\"http:\/\/www.muricionline.com.br\/novo\/wp-content\/plugins\/wp-spamfree\/img\/wpsf-img.php\" width=\"0\" height=\"0\" alt=\"\" style=\"border-style:none;width:0px;height:0px;display:none;\" \/><\/span>","protected":false},"excerpt":{"rendered":"<p>Com o tema \u201cCom Senhora Sant&#8217;Ana, viver a voca\u00e7\u00e3o na gra\u00e7a e na miss\u00e3o\u201d, a comunidade cat\u00f3lica de Santana do Munda\u00fa celebrou mais um ano de festa da padroeira. Desde o dia 13, a programa\u00e7\u00e3o religiosa conduzida pelo Pe C\u00edcero, foi marcada por diversos atos e manifesta\u00e7\u00f5es de f\u00e9 e devo\u00e7\u00e3o. J\u00e1 neste domingo (22),&#8230;<\/p>\n","protected":false},"author":1,"featured_media":19072,"comment_status":"open","ping_status":"open","sticky":false,"template":"","format":"standard","meta":{"footnotes":""},"categories":[1],"tags":[],"_links":{"self":[{"href":"http:\/\/www.muricionline.com.br\/novo\/index.php?rest_route=\/wp\/v2\/posts\/19071"}],"collection":[{"href":"http:\/\/www.muricionline.com.br\/novo\/index.php?rest_route=\/wp\/v2\/posts"}],"about":[{"href":"http:\/\/www.muricionline.com.br\/novo\/index.php?rest_route=\/wp\/v2\/types\/post"}],"author":[{"embeddable":true,"href":"http:\/\/www.muricionline.com.br\/novo\/index.php?rest_route=\/wp\/v2\/users\/1"}],"replies":[{"embeddable":true,"href":"http:\/\/www.muricionline.com.br\/novo\/index.php?rest_route=%2Fwp%2Fv2%2Fcomments&post=19071"}],"version-history":[{"count":1,"href":"http:\/\/www.muricionline.com.br\/novo\/index.php?rest_route=\/wp\/v2\/posts\/19071\/revisions"}],"predecessor-version":[{"id":19074,"href":"http:\/\/www.muricionline.com.br\/novo\/index.php?rest_route=\/wp\/v2\/posts\/19071\/revisions\/19074"}],"wp:featuredmedia":[{"embeddable":true,"href":"http:\/\/www.muricionline.com.br\/novo\/index.php?rest_route=\/wp\/v2\/media\/19072"}],"wp:attachment":[{"href":"http:\/\/www.muricionline.com.br\/novo\/index.php?rest_route=%2Fwp%2Fv2%2Fmedia&parent=19071"}],"wp:term":[{"taxonomy":"category","embeddable":true,"href":"http:\/\/www.muricionline.com.br\/novo\/index.php?rest_route=%2Fwp%2Fv2%2Fcategories&post=19071"},{"taxonomy":"post_tag","embeddable":true,"href":"http:\/\/www.muricionline.com.br\/novo\/index.php?rest_route=%2Fwp%2Fv2%2Ftags&post=19071"}],"curies":[{"name":"wp","href":"https:\/\/api.w.org\/{rel}","templated":true}]}}