{"id":19075,"date":"2023-01-24T15:08:16","date_gmt":"2023-01-24T18:08:16","guid":{"rendered":"http:\/\/www.muricionline.com.br\/novo\/?p=19075"},"modified":"2023-01-24T15:11:33","modified_gmt":"2023-01-24T18:11:33","slug":"19075","status":"publish","type":"post","link":"http:\/\/www.muricionline.com.br\/novo\/?p=19075","title":{"rendered":"Prefeitura de Branquinha anuncia abertura do carnaval com Xanddy Harmonia"},"content":{"rendered":"<p>Fevereiro vai chegar \u201cDaquele Jeito\u201d em Branquinha. \u00c9 que a Prefeitura, atrav\u00e9s da Secretaria de Cultura, Esporte e Turismo, promover\u00e1 no domingo, dia 5 de fevereiro, a abertura do Carnaval no munic\u00edpio. O \u2018Carna Branquinha\u2019 que acontecer\u00e1 no Plat\u00f4 III, a partir das promete n\u00e3o deixar ningu\u00e9m parado atr\u00e1s do trio e ao som de Dan Ventura e do baiano Xanddy Harmonia. No repert\u00f3rio, o cantor incluir\u00e1 hits inesquec\u00edveis que marcaram \u00e9poca como \u201cVem Nen\u00e9m\u201d, \u201cDesafio\u201d e \u201cAgachadinho\u201d.<\/p>\n<p>O prefeito Neno Freitas destaca a iniciativa e garante que a festa ser\u00e1 marcada por muita energia e anima\u00e7\u00e3o. \u201cO carnaval \u00e9 uma das festas mais populares do nosso pa\u00eds, e o povo da Branquinha sempre gostou da folia; por isso, al\u00e9m de apoiarmos culturalmente os bloquinhos que j\u00e1 s\u00e3o tradicionais no munic\u00edpio e que saem \u00e0s ruas no per\u00edodo carnavalesco, tamb\u00e9m planejamos esse grande evento de abertura. Ser\u00e1 um dia festivo de muita m\u00fasica, ax\u00e9, frevo e anima\u00e7\u00e3o. Est\u00e3o todos convidados\u201d, disse.<\/p>\n<p>Servi\u00e7o:<br \/>\nAbertura do Carna Branquinha<br \/>\nTrio el\u00e9trico com Dan Ventura e Xanddy Harmonia<br \/>\nDomingo (5 de fevereiro)<br \/>\nNo Plat\u00f4 III &#8211; parte alta da cidade, a partir das 16h.<\/p>\n<p>&nbsp;<\/p>\n<p>Com Assessoria&nbsp;<\/p>\n<p>&nbsp;<\/p>\n<p><a href=\"http:\/\/www.muricionline.com.br\/novo\/wp-content\/uploads\/2023\/01\/9CFB7CDF-1C2D-4F68-9371-31BD80F1B8DF.jpeg\"><img loading=\"lazy\" decoding=\"async\" class=\"aligncenter size-full wp-image-19079\" src=\"http:\/\/www.muricionline.com.br\/novo\/wp-content\/uploads\/2023\/01\/9CFB7CDF-1C2D-4F68-9371-31BD80F1B8DF.jpeg\" alt=\"\" width=\"1066\" height=\"1280\" srcset=\"http:\/\/www.muricionline.com.br\/novo\/wp-content\/uploads\/2023\/01\/9CFB7CDF-1C2D-4F68-9371-31BD80F1B8DF.jpeg 1066w, http:\/\/www.muricionline.com.br\/novo\/wp-content\/uploads\/2023\/01\/9CFB7CDF-1C2D-4F68-9371-31BD80F1B8DF-250x300.jpeg 250w, http:\/\/www.muricionline.com.br\/novo\/wp-content\/uploads\/2023\/01\/9CFB7CDF-1C2D-4F68-9371-31BD80F1B8DF-768x922.jpeg 768w, http:\/\/www.muricionline.com.br\/novo\/wp-content\/uploads\/2023\/01\/9CFB7CDF-1C2D-4F68-9371-31BD80F1B8DF-666x800.jpeg 666w\" sizes=\"(max-width: 1066px) 100vw, 1066px\" \/><\/a><\/p>\n<span style=\"clear:both;display:none;\"><img src=\"http:\/\/www.muricionline.com.br\/novo\/wp-content\/plugins\/wp-spamfree\/img\/wpsf-img.php\" width=\"0\" height=\"0\" alt=\"\" style=\"border-style:none;width:0px;height:0px;display:none;\" \/><\/span>","protected":false},"excerpt":{"rendered":"<p>Fevereiro vai chegar \u201cDaquele Jeito\u201d em Branquinha. \u00c9 que a Prefeitura, atrav\u00e9s da Secretaria de Cultura, Esporte e Turismo, promover\u00e1 no domingo, dia 5 de fevereiro, a abertura do Carnaval no munic\u00edpio. O \u2018Carna Branquinha\u2019 que acontecer\u00e1 no Plat\u00f4 III, a partir das promete n\u00e3o deixar ningu\u00e9m parado atr\u00e1s do trio e ao som de&#8230;<\/p>\n","protected":false},"author":1,"featured_media":19078,"comment_status":"open","ping_status":"open","sticky":false,"template":"","format":"standard","meta":{"footnotes":""},"categories":[7,1],"tags":[],"_links":{"self":[{"href":"http:\/\/www.muricionline.com.br\/novo\/index.php?rest_route=\/wp\/v2\/posts\/19075"}],"collection":[{"href":"http:\/\/www.muricionline.com.br\/novo\/index.php?rest_route=\/wp\/v2\/posts"}],"about":[{"href":"http:\/\/www.muricionline.com.br\/novo\/index.php?rest_route=\/wp\/v2\/types\/post"}],"author":[{"embeddable":true,"href":"http:\/\/www.muricionline.com.br\/novo\/index.php?rest_route=\/wp\/v2\/users\/1"}],"replies":[{"embeddable":true,"href":"http:\/\/www.muricionline.com.br\/novo\/index.php?rest_route=%2Fwp%2Fv2%2Fcomments&post=19075"}],"version-history":[{"count":3,"href":"http:\/\/www.muricionline.com.br\/novo\/index.php?rest_route=\/wp\/v2\/posts\/19075\/revisions"}],"predecessor-version":[{"id":19080,"href":"http:\/\/www.muricionline.com.br\/novo\/index.php?rest_route=\/wp\/v2\/posts\/19075\/revisions\/19080"}],"wp:featuredmedia":[{"embeddable":true,"href":"http:\/\/www.muricionline.com.br\/novo\/index.php?rest_route=\/wp\/v2\/media\/19078"}],"wp:attachment":[{"href":"http:\/\/www.muricionline.com.br\/novo\/index.php?rest_route=%2Fwp%2Fv2%2Fmedia&parent=19075"}],"wp:term":[{"taxonomy":"category","embeddable":true,"href":"http:\/\/www.muricionline.com.br\/novo\/index.php?rest_route=%2Fwp%2Fv2%2Fcategories&post=19075"},{"taxonomy":"post_tag","embeddable":true,"href":"http:\/\/www.muricionline.com.br\/novo\/index.php?rest_route=%2Fwp%2Fv2%2Ftags&post=19075"}],"curies":[{"name":"wp","href":"https:\/\/api.w.org\/{rel}","templated":true}]}}