{"id":19088,"date":"2023-01-25T11:40:45","date_gmt":"2023-01-25T14:40:45","guid":{"rendered":"http:\/\/www.muricionline.com.br\/novo\/?p=19088"},"modified":"2023-01-26T23:49:28","modified_gmt":"2023-01-27T02:49:28","slug":"alagoas-feita-a-mao-contempla-mais-de-300-artesaos-com-novo-espaco-em-shopping-de-maceio","status":"publish","type":"post","link":"http:\/\/www.muricionline.com.br\/novo\/?p=19088","title":{"rendered":"Alagoas Feita \u00e0 M\u00e3o contempla mais de 300 artes\u00e3os com novo espa\u00e7o em shopping de Macei\u00f3"},"content":{"rendered":"<p>Os artes\u00e3os alagoanos foram contemplados pelo Governo de Alagoas com um novo espa\u00e7o para comercializar seus produtos em 2023. Trata-se da Galeria Alagoas Feita \u00e0 M\u00e3o, instalada no piso L2 do Parque Shopping Macei\u00f3, em Cruz das Almas. Com mais de 2 mil pe\u00e7as dispon\u00edveis, a loja beneficia indiretamente mais de 300 profissionais do artesanato e entidades representativas do Estado, que ir\u00e3o comercializar pe\u00e7as em cer\u00e2mica, artigos de decora\u00e7\u00e3o em fios e tecidos, m\u00f3veis em madeira e artigos em couro.<\/p>\n<p>&nbsp;<\/p>\n<p>A iniciativa de exposi\u00e7\u00e3o e comercializa\u00e7\u00e3o da arte popular alagoana faz parte do programa Alagoas Feita \u00e0 M\u00e3o, que visa ao desenvolvimento econ\u00f4mico regional da Secretaria de Estado do Desenvolvimento, Ind\u00fastria, Com\u00e9rcio e Servi\u00e7os (Sedics\/AL). A Galeria Alagoas Feita \u00e0 M\u00e3o conta tamb\u00e9m com a participa\u00e7\u00e3o de artes\u00e3os, mestres, associa\u00e7\u00f5es, grupos produtivos e profissionais individuais.<\/p>\n<p>&nbsp;<img decoding=\"async\" src=\"http:\/\/alagoas.al.gov.br\/imagens\/conteudos\/304093119a71e06e9c43ff41e7ceb74d\/\/002.jpg\"><\/p>\n<p>A variedade dos produtos \u00e9 um grande diferencial para o p\u00fablico. Dividida entre as categorias vestu\u00e1rio, acess\u00f3rios, decora\u00e7\u00e3o, cama e mesa, o espa\u00e7o traz desde pe\u00e7as de fios e tecidos \u00e0 madeira, fibra vegetal e sementes. Participam da loja os artes\u00e3os Petr\u00facia Lopes, do Grupo produtivo Ful\u00f4.A; Valentim, Karla e Lu Azul, que trabalham com pintura; Tati Barros, da Flor do Mussamb\u00ea, Maria Cor\u00e1, Pontal Art, Nena e Crocherelando. A galeria tamb\u00e9m vai contar com pe\u00e7as em madeira dos artes\u00e3os Nem, Jasson, Ateli\u00ea Boca do Vento, e Aberaldo, sendo os dois \u00faltimos da Ilha do Ferro, em P\u00e3o de A\u00e7\u00facar.<\/p>\n<p>&nbsp;<\/p>\n<p>De acordo com a secret\u00e1ria de Estado do Desenvolvimento, Ind\u00fastria, Com\u00e9rcio e Servi\u00e7os, Caroline Balbino, o espa\u00e7o \u00e9 fundamental para fortalecer o artesanato alagoano.<\/p>\n<p>&nbsp;<\/p>\n<p>&#8220;Esse espa\u00e7o de comercializa\u00e7\u00e3o, em um dos principais shoppings do Estado, \u00e9 de grande import\u00e2ncia para o desenvolvimento dos artes\u00e3os de Alagoas. A iniciativa j\u00e1 se mostrou muito proveitosa, e s\u00f3 no ano passado os artes\u00e3os comercializaram em m\u00e9dia R$ 21 mil reais em vendas mensais, somente na loja f\u00edsica, uma vez que tamb\u00e9m contamos com a galeria online. Estamos ansiosos para ver os resultados desse novo espa\u00e7o e agradecemos ao Parque Shopping pela parceria&#8221;, destaca a secret\u00e1ria.<\/p>\n<p>&nbsp;<\/p>\n<p><b>Galeria Online<\/b><\/p>\n<p>&nbsp;<\/p>\n<p>Executado pelo Governo do Estado de Alagoas, por meio da Secretaria de Estado do Desenvolvimento, Ind\u00fastria, Com\u00e9rcio e Servi\u00e7os (Sedics), o objetivo do programa Alagoas Feita \u00e0 M\u00e3o \u00e9 estruturar e valorizar o segmento artesanal alagoano e, consequentemente, proporcionar a gera\u00e7\u00e3o de renda e desenvolvimento socioecon\u00f4mico da cadeia produtiva artesanal.<\/p>\n<p>&nbsp;<img decoding=\"async\" src=\"http:\/\/alagoas.al.gov.br\/imagens\/conteudos\/304093119a71e06e9c43ff41e7ceb74d\/\/001_site2.jpg\"><\/p>\n<p>Al\u00e9m do espa\u00e7o f\u00edsico, o programa conta com a Galeria Online Alagoas Feita \u00e0 M\u00e3o, que re\u00fane a produ\u00e7\u00e3o de diversos artistas locais, facilitando o processo de aquisi\u00e7\u00e3o e compra dos produtos, al\u00e9m de contribuir para a gera\u00e7\u00e3o de renda no segmento. \u00c9 poss\u00edvel acessar o site atrav\u00e9s do endere\u00e7o www.alagoasfeitaamao.com.br.<\/p>\n<p>&nbsp;<\/p>\n<p>Com mais de 1.300 produtos anunciados e mais de 101.500 negocia\u00e7\u00f5es feitas, o site reflete a riqueza e diversidade de tipologias de Alagoas, indo desde o bordado fil\u00e9 \u00e0s esculturas de barro, passando pelo cip\u00f3, cer\u00e2mica e madeira.&nbsp;<\/p>\n<p>Com Ag\u00eancia Alagoas&nbsp;<\/p>\n<span style=\"clear:both;display:none;\"><img src=\"http:\/\/www.muricionline.com.br\/novo\/wp-content\/plugins\/wp-spamfree\/img\/wpsf-img.php\" width=\"0\" height=\"0\" alt=\"\" style=\"border-style:none;width:0px;height:0px;display:none;\" \/><\/span>","protected":false},"excerpt":{"rendered":"<p>Os artes\u00e3os alagoanos foram contemplados pelo Governo de Alagoas com um novo espa\u00e7o para comercializar seus produtos em 2023. Trata-se da Galeria Alagoas Feita \u00e0 M\u00e3o, instalada no piso L2 do Parque Shopping Macei\u00f3, em Cruz das Almas. Com mais de 2 mil pe\u00e7as dispon\u00edveis, a loja beneficia indiretamente mais de 300 profissionais do artesanato&#8230;<\/p>\n","protected":false},"author":1,"featured_media":19089,"comment_status":"open","ping_status":"open","sticky":false,"template":"","format":"standard","meta":{"footnotes":""},"categories":[7,1],"tags":[5],"_links":{"self":[{"href":"http:\/\/www.muricionline.com.br\/novo\/index.php?rest_route=\/wp\/v2\/posts\/19088"}],"collection":[{"href":"http:\/\/www.muricionline.com.br\/novo\/index.php?rest_route=\/wp\/v2\/posts"}],"about":[{"href":"http:\/\/www.muricionline.com.br\/novo\/index.php?rest_route=\/wp\/v2\/types\/post"}],"author":[{"embeddable":true,"href":"http:\/\/www.muricionline.com.br\/novo\/index.php?rest_route=\/wp\/v2\/users\/1"}],"replies":[{"embeddable":true,"href":"http:\/\/www.muricionline.com.br\/novo\/index.php?rest_route=%2Fwp%2Fv2%2Fcomments&post=19088"}],"version-history":[{"count":1,"href":"http:\/\/www.muricionline.com.br\/novo\/index.php?rest_route=\/wp\/v2\/posts\/19088\/revisions"}],"predecessor-version":[{"id":19090,"href":"http:\/\/www.muricionline.com.br\/novo\/index.php?rest_route=\/wp\/v2\/posts\/19088\/revisions\/19090"}],"wp:featuredmedia":[{"embeddable":true,"href":"http:\/\/www.muricionline.com.br\/novo\/index.php?rest_route=\/wp\/v2\/media\/19089"}],"wp:attachment":[{"href":"http:\/\/www.muricionline.com.br\/novo\/index.php?rest_route=%2Fwp%2Fv2%2Fmedia&parent=19088"}],"wp:term":[{"taxonomy":"category","embeddable":true,"href":"http:\/\/www.muricionline.com.br\/novo\/index.php?rest_route=%2Fwp%2Fv2%2Fcategories&post=19088"},{"taxonomy":"post_tag","embeddable":true,"href":"http:\/\/www.muricionline.com.br\/novo\/index.php?rest_route=%2Fwp%2Fv2%2Ftags&post=19088"}],"curies":[{"name":"wp","href":"https:\/\/api.w.org\/{rel}","templated":true}]}}