{"id":19091,"date":"2023-01-25T11:42:30","date_gmt":"2023-01-25T14:42:30","guid":{"rendered":"http:\/\/www.muricionline.com.br\/novo\/?p=19091"},"modified":"2023-01-26T23:49:01","modified_gmt":"2023-01-27T02:49:01","slug":"angela-vanessa-reafirma-o-compromisso-com-a-educacao-e-garante-o-pagamento-do-piso-nacional-do-magisterio-a-docentes-da-rede-municipal-de-sao-jose-da-laje","status":"publish","type":"post","link":"http:\/\/www.muricionline.com.br\/novo\/?p=19091","title":{"rendered":"\u00c2ngela Vanessa reafirma o compromisso com a Educa\u00e7\u00e3o e garante o pagamento do Piso Nacional do Magist\u00e9rio a docentes da Rede Municipal de S\u00e3o Jos\u00e9 da Laje"},"content":{"rendered":"<p>Com uma pol\u00edtica p\u00fablica de valoriza\u00e7\u00e3o da educa\u00e7\u00e3o e de seus profissionais, a Prefeita Angela Vanessa anunciou em suas redes sociais que o Piso Nacional dos Magist\u00e9rio ser\u00e1 pago para todos os professores efetivos e contratados da Rede Municipal de Ensino. O an\u00fancio do pagamento do Piso Nacional vai de encontro \u00e0 orienta\u00e7\u00e3o da CNM \u2013 Confedera\u00e7\u00e3o Nacional dos Munic\u00edpios, que pede para que os prefeitos ignorem o aumento. Entretanto, a transpar\u00eancia e a responsabilidade no uso do er\u00e1rio p\u00fablico fazem com que o munic\u00edpio n\u00e3o sofra o impacto financeiro previsto pela CNM.<\/p>\n<p>Escolas equipadas, ensino de qualidade, n\u00fameros positivos nos \u00edndices educacionais, pagamentos de abonos salariais como o 14\u00ba sal\u00e1rio fazem parte do cotidiano de uma das redes de educa\u00e7\u00e3o que mais avan\u00e7a em Alagoas, nos quesitos de investimento e qualidade, S\u00e3o Jos\u00e9 da Laje se mantem no topo.<\/p>\n<p>\u201cNosso compromisso \u00e9 valorizar e reconhecer a atua\u00e7\u00e3o profissional dos educadores, especialmente os da Rede Municipal, que \u00e9 de nossa compet\u00eancia espec\u00edfica. E nesse caso, como j\u00e1 hav\u00edamos assumido o compromisso, vamos pagar o Piso Nacional do Magist\u00e9rio a todos os professores, estejam eles na condi\u00e7\u00e3o de contratado ou efetivo. Nenhum professor de S\u00e3o Jos\u00e9 da Laje vai ganhar abaixo do piso.\u201d Concluiu a Prefeita Angela Vanessa.<\/p>\n<p>Por Secom &#8211; S\u00e3o Jos\u00e9 da Laje\/AL<\/p>\n<span style=\"clear:both;display:none;\"><img src=\"http:\/\/www.muricionline.com.br\/novo\/wp-content\/plugins\/wp-spamfree\/img\/wpsf-img.php\" width=\"0\" height=\"0\" alt=\"\" style=\"border-style:none;width:0px;height:0px;display:none;\" \/><\/span>","protected":false},"excerpt":{"rendered":"<p>Com uma pol\u00edtica p\u00fablica de valoriza\u00e7\u00e3o da educa\u00e7\u00e3o e de seus profissionais, a Prefeita Angela Vanessa anunciou em suas redes sociais que o Piso Nacional dos Magist\u00e9rio ser\u00e1 pago para todos os professores efetivos e contratados da Rede Municipal de Ensino. O an\u00fancio do pagamento do Piso Nacional vai de encontro \u00e0 orienta\u00e7\u00e3o da CNM&#8230;<\/p>\n","protected":false},"author":1,"featured_media":19092,"comment_status":"open","ping_status":"open","sticky":false,"template":"","format":"standard","meta":{"footnotes":""},"categories":[1],"tags":[5],"_links":{"self":[{"href":"http:\/\/www.muricionline.com.br\/novo\/index.php?rest_route=\/wp\/v2\/posts\/19091"}],"collection":[{"href":"http:\/\/www.muricionline.com.br\/novo\/index.php?rest_route=\/wp\/v2\/posts"}],"about":[{"href":"http:\/\/www.muricionline.com.br\/novo\/index.php?rest_route=\/wp\/v2\/types\/post"}],"author":[{"embeddable":true,"href":"http:\/\/www.muricionline.com.br\/novo\/index.php?rest_route=\/wp\/v2\/users\/1"}],"replies":[{"embeddable":true,"href":"http:\/\/www.muricionline.com.br\/novo\/index.php?rest_route=%2Fwp%2Fv2%2Fcomments&post=19091"}],"version-history":[{"count":1,"href":"http:\/\/www.muricionline.com.br\/novo\/index.php?rest_route=\/wp\/v2\/posts\/19091\/revisions"}],"predecessor-version":[{"id":19093,"href":"http:\/\/www.muricionline.com.br\/novo\/index.php?rest_route=\/wp\/v2\/posts\/19091\/revisions\/19093"}],"wp:featuredmedia":[{"embeddable":true,"href":"http:\/\/www.muricionline.com.br\/novo\/index.php?rest_route=\/wp\/v2\/media\/19092"}],"wp:attachment":[{"href":"http:\/\/www.muricionline.com.br\/novo\/index.php?rest_route=%2Fwp%2Fv2%2Fmedia&parent=19091"}],"wp:term":[{"taxonomy":"category","embeddable":true,"href":"http:\/\/www.muricionline.com.br\/novo\/index.php?rest_route=%2Fwp%2Fv2%2Fcategories&post=19091"},{"taxonomy":"post_tag","embeddable":true,"href":"http:\/\/www.muricionline.com.br\/novo\/index.php?rest_route=%2Fwp%2Fv2%2Ftags&post=19091"}],"curies":[{"name":"wp","href":"https:\/\/api.w.org\/{rel}","templated":true}]}}