{"id":19094,"date":"2023-01-25T14:54:57","date_gmt":"2023-01-25T17:54:57","guid":{"rendered":"http:\/\/www.muricionline.com.br\/novo\/?p=19094"},"modified":"2023-01-26T23:48:45","modified_gmt":"2023-01-27T02:48:45","slug":"prefeitura-de-santana-do-ipanema-abre-jornada-pedagogica-2023","status":"publish","type":"post","link":"http:\/\/www.muricionline.com.br\/novo\/?p=19094","title":{"rendered":"Prefeitura de Santana do Ipanema abre Jornada Pedag\u00f3gica 2023"},"content":{"rendered":"<p>A Prefeitura de Santana do Ipanema, por meio da Secretaria Municipal de Educa\u00e7\u00e3o (SEMED), deu in\u00edcio a nova edi\u00e7\u00e3o da Jornada Pedag\u00f3gica da Educa\u00e7\u00e3o 2023, que traz como tema este ano \u201cA Educa\u00e7\u00e3o como principal instrumento de transforma\u00e7\u00e3o social\u201c.<\/p>\n<p>A cerim\u00f4nia de abertura foi realizada na noite desta ter\u00e7a-feira (24), na quadra Jos\u00e9 Francisco de Andrade e contou com as presen\u00e7as do presidente da C\u00e2mara de Vereadores, Moacir J\u00fanior, dos secret\u00e1rios de Educa\u00e7\u00e3o, J\u00fanior Genu\u00edno e de Governo, Renilde Bulh\u00f5es, da presidente do conselho do Fundeb, professora Eliete Alves, da vice-presidente do Conselho Municipal de Educa\u00e7\u00e3o, Professora Maria do Carmo, da fundadora do Instituto Jo\u00e3o de Barro, Aline Barros, dos diretores da Funda\u00e7\u00e3o Martins Educacional, Marcos Martins e Marta martins, al\u00e9m de gestores escolares.<\/p>\n<p><a href=\"http:\/\/www.muricionline.com.br\/novo\/wp-content\/uploads\/2023\/01\/BF61E2DE-F955-43AD-9E19-4333F1C29800.jpeg\"><img loading=\"lazy\" decoding=\"async\" class=\"aligncenter size-full wp-image-19096\" src=\"http:\/\/www.muricionline.com.br\/novo\/wp-content\/uploads\/2023\/01\/BF61E2DE-F955-43AD-9E19-4333F1C29800.jpeg\" alt=\"\" width=\"1280\" height=\"853\" srcset=\"http:\/\/www.muricionline.com.br\/novo\/wp-content\/uploads\/2023\/01\/BF61E2DE-F955-43AD-9E19-4333F1C29800.jpeg 1280w, http:\/\/www.muricionline.com.br\/novo\/wp-content\/uploads\/2023\/01\/BF61E2DE-F955-43AD-9E19-4333F1C29800-300x200.jpeg 300w, http:\/\/www.muricionline.com.br\/novo\/wp-content\/uploads\/2023\/01\/BF61E2DE-F955-43AD-9E19-4333F1C29800-768x512.jpeg 768w, http:\/\/www.muricionline.com.br\/novo\/wp-content\/uploads\/2023\/01\/BF61E2DE-F955-43AD-9E19-4333F1C29800-800x533.jpeg 800w\" sizes=\"(max-width: 1280px) 100vw, 1280px\" \/><\/a><\/p>\n<p>O secret\u00e1rio de Educa\u00e7\u00e3o falou da import\u00e2ncia da participa\u00e7\u00e3o dos profissionais e a import\u00e2ncia da estrutura\u00e7\u00e3o da rede municipal de ensino para promover a valoriza\u00e7\u00e3o dos profissionais da Educa\u00e7\u00e3o.<\/p>\n<p>J\u00e1 Renilde Bulh\u00f5es, que representou a prefeita Christiane Bulh\u00f5es no evento, reafirmou o compromisso da gest\u00e3o com a Educa\u00e7\u00e3o e com todos os servidores, destacou a import\u00e2ncia do evento que \u00e9 um grande momento de aprendizado e compartilhamento de ideias que tem o objetivo de promover a valoriza\u00e7\u00e3o de todos e a melhoria da qualidade do servi\u00e7o prestado aos estudantes.<\/p>\n<p>A Jornada foi finalizada com a palestra motivacional \u201cO Dom de Motivar na Arte de Educar\u201d, que foi proferida por Erik Penna, em um momento de compartilhamento de grandes ideias e intera\u00e7\u00e3o com os presentes.<\/p>\n<p>&nbsp;<\/p>\n<p>Com Assessoria&nbsp;<\/p>\n<span style=\"clear:both;display:none;\"><img src=\"http:\/\/www.muricionline.com.br\/novo\/wp-content\/plugins\/wp-spamfree\/img\/wpsf-img.php\" width=\"0\" height=\"0\" alt=\"\" style=\"border-style:none;width:0px;height:0px;display:none;\" \/><\/span>","protected":false},"excerpt":{"rendered":"<p>A Prefeitura de Santana do Ipanema, por meio da Secretaria Municipal de Educa\u00e7\u00e3o (SEMED), deu in\u00edcio a nova edi\u00e7\u00e3o da Jornada Pedag\u00f3gica da Educa\u00e7\u00e3o 2023, que traz como tema este ano \u201cA Educa\u00e7\u00e3o como principal instrumento de transforma\u00e7\u00e3o social\u201c. A cerim\u00f4nia de abertura foi realizada na noite desta ter\u00e7a-feira (24), na quadra Jos\u00e9 Francisco de&#8230;<\/p>\n","protected":false},"author":1,"featured_media":19095,"comment_status":"open","ping_status":"open","sticky":false,"template":"","format":"standard","meta":{"footnotes":""},"categories":[1],"tags":[5],"_links":{"self":[{"href":"http:\/\/www.muricionline.com.br\/novo\/index.php?rest_route=\/wp\/v2\/posts\/19094"}],"collection":[{"href":"http:\/\/www.muricionline.com.br\/novo\/index.php?rest_route=\/wp\/v2\/posts"}],"about":[{"href":"http:\/\/www.muricionline.com.br\/novo\/index.php?rest_route=\/wp\/v2\/types\/post"}],"author":[{"embeddable":true,"href":"http:\/\/www.muricionline.com.br\/novo\/index.php?rest_route=\/wp\/v2\/users\/1"}],"replies":[{"embeddable":true,"href":"http:\/\/www.muricionline.com.br\/novo\/index.php?rest_route=%2Fwp%2Fv2%2Fcomments&post=19094"}],"version-history":[{"count":1,"href":"http:\/\/www.muricionline.com.br\/novo\/index.php?rest_route=\/wp\/v2\/posts\/19094\/revisions"}],"predecessor-version":[{"id":19097,"href":"http:\/\/www.muricionline.com.br\/novo\/index.php?rest_route=\/wp\/v2\/posts\/19094\/revisions\/19097"}],"wp:featuredmedia":[{"embeddable":true,"href":"http:\/\/www.muricionline.com.br\/novo\/index.php?rest_route=\/wp\/v2\/media\/19095"}],"wp:attachment":[{"href":"http:\/\/www.muricionline.com.br\/novo\/index.php?rest_route=%2Fwp%2Fv2%2Fmedia&parent=19094"}],"wp:term":[{"taxonomy":"category","embeddable":true,"href":"http:\/\/www.muricionline.com.br\/novo\/index.php?rest_route=%2Fwp%2Fv2%2Fcategories&post=19094"},{"taxonomy":"post_tag","embeddable":true,"href":"http:\/\/www.muricionline.com.br\/novo\/index.php?rest_route=%2Fwp%2Fv2%2Ftags&post=19094"}],"curies":[{"name":"wp","href":"https:\/\/api.w.org\/{rel}","templated":true}]}}