{"id":19104,"date":"2023-01-26T08:34:45","date_gmt":"2023-01-26T11:34:45","guid":{"rendered":"http:\/\/www.muricionline.com.br\/novo\/?p=19104"},"modified":"2023-01-26T23:46:58","modified_gmt":"2023-01-27T02:46:58","slug":"prefeito-arthur-freitas-acompanha-obra-de-recapeamento-asfaltico-no-acesso-a-santana-do-mundau","status":"publish","type":"post","link":"http:\/\/www.muricionline.com.br\/novo\/?p=19104","title":{"rendered":"Prefeito Arthur Freitas acompanha obra de recapeamento asf\u00e1ltico no acesso \u00e0 Santana do Munda\u00fa"},"content":{"rendered":"<p>Uma queixa recorrente da popula\u00e7\u00e3o e de todos que transitam na AL-205, no trecho que compreende os munic\u00edpios de Santana do Munda\u00fa e Uni\u00e3o dos Palmares, est\u00e1 sendo enfim, resolvida. Nesta quarta-feira (25), o prefeito Arthur Freitas esteve acompanhando os servi\u00e7os de recapeamento asf\u00e1ltico, que em ritmo acelerado, garantir\u00e3o mais mobilidade e seguran\u00e7a para os condutores.<\/p>\n<p>O gestor ressaltou a import\u00e2ncia da parceria com o Governo do Estado. \u201cAp\u00f3s o per\u00edodo chuvoso, esse acesso ao nosso munic\u00edpio ficou parcialmente danificado, causando in\u00fameros transtornos a todos que transitam por essa via. Atendendo a um pedido nosso, o governador Paulo Dantas assegurou a agilidade nos servi\u00e7os de recapeamento, e em poucos dias, teremos as condi\u00e7\u00f5es de trafegabilidade normalizadas. Agrade\u00e7o tamb\u00e9m aos diretores do DER, Helder Gazanneo e Iran Menezes, por toda aten\u00e7\u00e3o e suporte \u00e0 nossa demanda\u201d, concluiu Arthur Freitas.<\/p>\n<p>&nbsp;<\/p>\n<p>Com Assessoria&nbsp;<\/p>\n<span style=\"clear:both;display:none;\"><img src=\"http:\/\/www.muricionline.com.br\/novo\/wp-content\/plugins\/wp-spamfree\/img\/wpsf-img.php\" width=\"0\" height=\"0\" alt=\"\" style=\"border-style:none;width:0px;height:0px;display:none;\" \/><\/span>","protected":false},"excerpt":{"rendered":"<p>Uma queixa recorrente da popula\u00e7\u00e3o e de todos que transitam na AL-205, no trecho que compreende os munic\u00edpios de Santana do Munda\u00fa e Uni\u00e3o dos Palmares, est\u00e1 sendo enfim, resolvida. Nesta quarta-feira (25), o prefeito Arthur Freitas esteve acompanhando os servi\u00e7os de recapeamento asf\u00e1ltico, que em ritmo acelerado, garantir\u00e3o mais mobilidade e seguran\u00e7a para os&#8230;<\/p>\n","protected":false},"author":1,"featured_media":19105,"comment_status":"open","ping_status":"open","sticky":false,"template":"","format":"standard","meta":{"footnotes":""},"categories":[1],"tags":[5],"_links":{"self":[{"href":"http:\/\/www.muricionline.com.br\/novo\/index.php?rest_route=\/wp\/v2\/posts\/19104"}],"collection":[{"href":"http:\/\/www.muricionline.com.br\/novo\/index.php?rest_route=\/wp\/v2\/posts"}],"about":[{"href":"http:\/\/www.muricionline.com.br\/novo\/index.php?rest_route=\/wp\/v2\/types\/post"}],"author":[{"embeddable":true,"href":"http:\/\/www.muricionline.com.br\/novo\/index.php?rest_route=\/wp\/v2\/users\/1"}],"replies":[{"embeddable":true,"href":"http:\/\/www.muricionline.com.br\/novo\/index.php?rest_route=%2Fwp%2Fv2%2Fcomments&post=19104"}],"version-history":[{"count":1,"href":"http:\/\/www.muricionline.com.br\/novo\/index.php?rest_route=\/wp\/v2\/posts\/19104\/revisions"}],"predecessor-version":[{"id":19106,"href":"http:\/\/www.muricionline.com.br\/novo\/index.php?rest_route=\/wp\/v2\/posts\/19104\/revisions\/19106"}],"wp:featuredmedia":[{"embeddable":true,"href":"http:\/\/www.muricionline.com.br\/novo\/index.php?rest_route=\/wp\/v2\/media\/19105"}],"wp:attachment":[{"href":"http:\/\/www.muricionline.com.br\/novo\/index.php?rest_route=%2Fwp%2Fv2%2Fmedia&parent=19104"}],"wp:term":[{"taxonomy":"category","embeddable":true,"href":"http:\/\/www.muricionline.com.br\/novo\/index.php?rest_route=%2Fwp%2Fv2%2Fcategories&post=19104"},{"taxonomy":"post_tag","embeddable":true,"href":"http:\/\/www.muricionline.com.br\/novo\/index.php?rest_route=%2Fwp%2Fv2%2Ftags&post=19104"}],"curies":[{"name":"wp","href":"https:\/\/api.w.org\/{rel}","templated":true}]}}