{"id":19111,"date":"2023-01-27T09:37:44","date_gmt":"2023-01-27T12:37:44","guid":{"rendered":"http:\/\/www.muricionline.com.br\/novo\/?p=19111"},"modified":"2023-01-27T09:37:57","modified_gmt":"2023-01-27T12:37:57","slug":"angela-vanessa-inaugura-quadra-poliesportiva-e-entrega-veiculo-0km-para-secrtaria-de-educacao","status":"publish","type":"post","link":"http:\/\/www.muricionline.com.br\/novo\/?p=19111","title":{"rendered":"Angela Vanessa inaugura quadra poliesportiva e entrega ve\u00edculo 0km para Secrtaria de Educa\u00e7\u00e3o"},"content":{"rendered":"<p>A prefeita Angela Vanessa entregou nesta quarta-feira(25) para a comunidade do Conj. Armando Lyra uma quadra poliesportiva atrav\u00e9s do Programa Mais Esporte, Mais Vida, a quadra que vai atender os moradores do conjunto faz parte do cronograma de melhorias que a gest\u00e3o municipal vem executando no bairro, que recentemente recebeu do poder p\u00fablico municipal, uma creche, uma pra\u00e7a, diversas ruas do bairro est\u00e3o sendo pavimentadas e as ruas foram 100% iluminadas em LED. O Programa Mais Esporte,<\/p>\n<p>Mais Vida, tem potencializado os investimentos no esporte, mais quadras poliesportivas est\u00e3o sendo constru\u00eddas na cidade, o est\u00e1dio de futebol Bertulin\u00e3o est\u00e1 sendo revitalizado, o gin\u00e1sio municipal foi totalmente reformado, tudo com recursos pr\u00f3prios.<\/p>\n<p><a href=\"http:\/\/www.muricionline.com.br\/novo\/wp-content\/uploads\/2023\/01\/DDB14AB8-C15A-4462-8FE8-B01D6E53C7E1.jpeg\"><img loading=\"lazy\" decoding=\"async\" class=\"aligncenter size-full wp-image-19113\" src=\"http:\/\/www.muricionline.com.br\/novo\/wp-content\/uploads\/2023\/01\/DDB14AB8-C15A-4462-8FE8-B01D6E53C7E1.jpeg\" alt=\"\" width=\"1024\" height=\"574\" srcset=\"http:\/\/www.muricionline.com.br\/novo\/wp-content\/uploads\/2023\/01\/DDB14AB8-C15A-4462-8FE8-B01D6E53C7E1.jpeg 1024w, http:\/\/www.muricionline.com.br\/novo\/wp-content\/uploads\/2023\/01\/DDB14AB8-C15A-4462-8FE8-B01D6E53C7E1-300x168.jpeg 300w, http:\/\/www.muricionline.com.br\/novo\/wp-content\/uploads\/2023\/01\/DDB14AB8-C15A-4462-8FE8-B01D6E53C7E1-768x431.jpeg 768w, http:\/\/www.muricionline.com.br\/novo\/wp-content\/uploads\/2023\/01\/DDB14AB8-C15A-4462-8FE8-B01D6E53C7E1-800x448.jpeg 800w\" sizes=\"(max-width: 1024px) 100vw, 1024px\" \/><\/a><br \/>\nNa ocasi\u00e3o a prefeita Angela Vanessa anunciou a constru\u00e7\u00e3o de mais \u00e1reas de lazer no bairro, e visando a seguran\u00e7a da localidade, a jovem gestora tamb\u00e9m anunciou a instala\u00e7\u00e3o de c\u00e2meras de monitoramento nas principais ruas do conjunto. Al\u00e9m da quadra poliesportiva, a prefeita realizou a entrega de um veiculo 0 km para a secretaria de educa\u00e7\u00e3o, o ve\u00edculo foi adquirido com recursos da educa\u00e7\u00e3o.\u201cEstamos investindo no esporte, levando equipamentos esportivos para todos os bairros, reformamos nosso gin\u00e1sio, nosso est\u00e1dio de futebol est\u00e1 sendo revitalizado, e atrav\u00e9s do Programa Mais Esporte, Mais Vida, estamos levando esses investimentos para os bairros, o investimento em quadras \u00e9 para incentivar o esporte, a educa\u00e7\u00e3o, sa\u00fade e a intera\u00e7\u00e3o nas comunidades, al\u00e9m disso \u00e9 com muita alegria que estamos tamb\u00e9m entregando esse veiculo para nossa educa\u00e7\u00e3o campe\u00e3, uma L200 nova, que vai contribuir ainda mais na mobilidade dos nossos gestores educacionais. Vamos seguir trabalhando em todas \u00e1reas, cuidando do Conj. Armando Lyra, cuidando da nossa gente, trazendo melhorias para nossa cidade\u201d Destacou a prefeita Angela Vanessa.<\/p>\n<p>Por Secom &#8211;&nbsp;S\u00e3o Jos\u00e9 da Laje\/AL<\/p>\n<div id='gallery-1' class='gallery galleryid-19111 gallery-columns-3 gallery-size-thumbnail'><figure class='gallery-item'>\n\t\t\t<div class='gallery-icon landscape'>\n\t\t\t\t<a href='http:\/\/www.muricionline.com.br\/novo\/?attachment_id=19114'><img loading=\"lazy\" decoding=\"async\" width=\"80\" height=\"80\" src=\"http:\/\/www.muricionline.com.br\/novo\/wp-content\/uploads\/2023\/01\/11BBF8FA-5876-4105-AB9F-3341135C4801-150x150.jpeg\" class=\"attachment-thumbnail size-thumbnail\" alt=\"\" \/><\/a>\n\t\t\t<\/div><\/figure><figure class='gallery-item'>\n\t\t\t<div class='gallery-icon landscape'>\n\t\t\t\t<a href='http:\/\/www.muricionline.com.br\/novo\/?attachment_id=19115'><img loading=\"lazy\" decoding=\"async\" width=\"80\" height=\"80\" src=\"http:\/\/www.muricionline.com.br\/novo\/wp-content\/uploads\/2023\/01\/22C498CE-A667-4223-9E62-75E725807AD7-150x150.jpeg\" class=\"attachment-thumbnail size-thumbnail\" alt=\"\" \/><\/a>\n\t\t\t<\/div><\/figure><figure class='gallery-item'>\n\t\t\t<div class='gallery-icon landscape'>\n\t\t\t\t<a href='http:\/\/www.muricionline.com.br\/novo\/?attachment_id=19118'><img loading=\"lazy\" decoding=\"async\" width=\"80\" height=\"80\" src=\"http:\/\/www.muricionline.com.br\/novo\/wp-content\/uploads\/2023\/01\/14AFB3DE-4F32-46AA-96B9-3479C55547B3-150x150.jpeg\" class=\"attachment-thumbnail size-thumbnail\" alt=\"\" \/><\/a>\n\t\t\t<\/div><\/figure><figure class='gallery-item'>\n\t\t\t<div class='gallery-icon landscape'>\n\t\t\t\t<a href='http:\/\/www.muricionline.com.br\/novo\/?attachment_id=19116'><img loading=\"lazy\" decoding=\"async\" width=\"80\" height=\"80\" src=\"http:\/\/www.muricionline.com.br\/novo\/wp-content\/uploads\/2023\/01\/7C5668B8-78BB-451E-87BB-EE8FF501E31F-150x150.jpeg\" class=\"attachment-thumbnail size-thumbnail\" alt=\"\" \/><\/a>\n\t\t\t<\/div><\/figure><figure class='gallery-item'>\n\t\t\t<div class='gallery-icon landscape'>\n\t\t\t\t<a href='http:\/\/www.muricionline.com.br\/novo\/?attachment_id=19117'><img loading=\"lazy\" decoding=\"async\" width=\"80\" height=\"80\" src=\"http:\/\/www.muricionline.com.br\/novo\/wp-content\/uploads\/2023\/01\/FCF8F89A-FFFE-4BEB-9900-D8A9FA56C4CE-150x150.jpeg\" class=\"attachment-thumbnail size-thumbnail\" alt=\"\" \/><\/a>\n\t\t\t<\/div><\/figure>\n\t\t<\/div>\n\n<span style=\"clear:both;display:none;\"><img src=\"http:\/\/www.muricionline.com.br\/novo\/wp-content\/plugins\/wp-spamfree\/img\/wpsf-img.php\" width=\"0\" height=\"0\" alt=\"\" style=\"border-style:none;width:0px;height:0px;display:none;\" \/><\/span>","protected":false},"excerpt":{"rendered":"<p>A prefeita Angela Vanessa entregou nesta quarta-feira(25) para a comunidade do Conj. Armando Lyra uma quadra poliesportiva atrav\u00e9s do Programa Mais Esporte, Mais Vida, a quadra que vai atender os moradores do conjunto faz parte do cronograma de melhorias que a gest\u00e3o municipal vem executando no bairro, que recentemente recebeu do poder p\u00fablico municipal, uma&#8230;<\/p>\n","protected":false},"author":1,"featured_media":19112,"comment_status":"open","ping_status":"open","sticky":false,"template":"","format":"standard","meta":{"footnotes":""},"categories":[1],"tags":[5],"_links":{"self":[{"href":"http:\/\/www.muricionline.com.br\/novo\/index.php?rest_route=\/wp\/v2\/posts\/19111"}],"collection":[{"href":"http:\/\/www.muricionline.com.br\/novo\/index.php?rest_route=\/wp\/v2\/posts"}],"about":[{"href":"http:\/\/www.muricionline.com.br\/novo\/index.php?rest_route=\/wp\/v2\/types\/post"}],"author":[{"embeddable":true,"href":"http:\/\/www.muricionline.com.br\/novo\/index.php?rest_route=\/wp\/v2\/users\/1"}],"replies":[{"embeddable":true,"href":"http:\/\/www.muricionline.com.br\/novo\/index.php?rest_route=%2Fwp%2Fv2%2Fcomments&post=19111"}],"version-history":[{"count":1,"href":"http:\/\/www.muricionline.com.br\/novo\/index.php?rest_route=\/wp\/v2\/posts\/19111\/revisions"}],"predecessor-version":[{"id":19119,"href":"http:\/\/www.muricionline.com.br\/novo\/index.php?rest_route=\/wp\/v2\/posts\/19111\/revisions\/19119"}],"wp:featuredmedia":[{"embeddable":true,"href":"http:\/\/www.muricionline.com.br\/novo\/index.php?rest_route=\/wp\/v2\/media\/19112"}],"wp:attachment":[{"href":"http:\/\/www.muricionline.com.br\/novo\/index.php?rest_route=%2Fwp%2Fv2%2Fmedia&parent=19111"}],"wp:term":[{"taxonomy":"category","embeddable":true,"href":"http:\/\/www.muricionline.com.br\/novo\/index.php?rest_route=%2Fwp%2Fv2%2Fcategories&post=19111"},{"taxonomy":"post_tag","embeddable":true,"href":"http:\/\/www.muricionline.com.br\/novo\/index.php?rest_route=%2Fwp%2Fv2%2Ftags&post=19111"}],"curies":[{"name":"wp","href":"https:\/\/api.w.org\/{rel}","templated":true}]}}