{"id":19120,"date":"2023-01-27T09:40:09","date_gmt":"2023-01-27T12:40:09","guid":{"rendered":"http:\/\/www.muricionline.com.br\/novo\/?p=19120"},"modified":"2023-01-27T09:40:09","modified_gmt":"2023-01-27T12:40:09","slug":"fora-da-escola-nao-pode-educacao-de-branquinha-promove-caravana-de-busca-ativa-escolar","status":"publish","type":"post","link":"http:\/\/www.muricionline.com.br\/novo\/?p=19120","title":{"rendered":"Fora da Escola N\u00e3o Pode: educa\u00e7\u00e3o de Branquinha promove caravana de Busca Ativa Escolar"},"content":{"rendered":"<p>Com personagens l\u00fadicos, intera\u00e7\u00e3o e muita alegria, a Secretaria de Educa\u00e7\u00e3o do munic\u00edpio de Branquinha, promoveu, ao longo da semana, uma importante a\u00e7\u00e3o de Busca Ativa Escolar. Em uma animada caravana, a iniciativa, que faz parte do programa \u2018Fora da Escola N\u00e3o Pode, percorreu a zona urbana e rural, levando muita descontra\u00e7\u00e3o, informa\u00e7\u00e3o e conscientizando os pais e respons\u00e1veis para que os estudantes branquinhenses tenham acesso \u00e0 um ensino de qualidade, dentro das salas de aula.<\/p>\n<p>\u201cCom a proximidade do retorno das aulas, no pr\u00f3ximo dia 6, intensificamos a Busca Ativa com o intuito de sensibilizar os pais, respons\u00e1veis e toda comunidade, de que juntos devemos combater a evas\u00e3o. A participa\u00e7\u00e3o da fam\u00edlia na escola \u00e9 fundamental, assim como o acesso \u00e0 educa\u00e7\u00e3o. Por isso, com a uni\u00e3o de esfor\u00e7os entre a gest\u00e3o do prefeito Neno Freitas, os profissionais da pasta e toda a comunidade, garantiremos que nenhuma crian\u00e7a fique fora das salas de aula\u201d, disse Ednaldo Firmino, secret\u00e1rio de educa\u00e7\u00e3o.<\/p>\n<p>Fora da Escola N\u00e3o Pode<\/p>\n<p>Fruto de uma parceria entre o UNICEF &#8211; Fundo das Na\u00e7\u00f5es Unidas para a Inf\u00e2ncia, e a Campanha Nacional pelo Direito \u00e0 Educa\u00e7\u00e3o, a iniciativa, desde 2010, tem desencadeado um amplo processo de mobiliza\u00e7\u00e3o da sociedade para o enfrentamento da exclus\u00e3o escolar no pa\u00eds e universaliza\u00e7\u00e3o do acesso, da perman\u00eancia, da aprendizagem e da conclus\u00e3o da educa\u00e7\u00e3o b\u00e1sica na idade certa.<\/p>\n<span style=\"clear:both;display:none;\"><img src=\"http:\/\/www.muricionline.com.br\/novo\/wp-content\/plugins\/wp-spamfree\/img\/wpsf-img.php\" width=\"0\" height=\"0\" alt=\"\" style=\"border-style:none;width:0px;height:0px;display:none;\" \/><\/span>","protected":false},"excerpt":{"rendered":"<p>Com personagens l\u00fadicos, intera\u00e7\u00e3o e muita alegria, a Secretaria de Educa\u00e7\u00e3o do munic\u00edpio de Branquinha, promoveu, ao longo da semana, uma importante a\u00e7\u00e3o de Busca Ativa Escolar. Em uma animada caravana, a iniciativa, que faz parte do programa \u2018Fora da Escola N\u00e3o Pode, percorreu a zona urbana e rural, levando muita descontra\u00e7\u00e3o, informa\u00e7\u00e3o e conscientizando&#8230;<\/p>\n","protected":false},"author":1,"featured_media":19121,"comment_status":"open","ping_status":"open","sticky":false,"template":"","format":"standard","meta":{"footnotes":""},"categories":[1],"tags":[5],"_links":{"self":[{"href":"http:\/\/www.muricionline.com.br\/novo\/index.php?rest_route=\/wp\/v2\/posts\/19120"}],"collection":[{"href":"http:\/\/www.muricionline.com.br\/novo\/index.php?rest_route=\/wp\/v2\/posts"}],"about":[{"href":"http:\/\/www.muricionline.com.br\/novo\/index.php?rest_route=\/wp\/v2\/types\/post"}],"author":[{"embeddable":true,"href":"http:\/\/www.muricionline.com.br\/novo\/index.php?rest_route=\/wp\/v2\/users\/1"}],"replies":[{"embeddable":true,"href":"http:\/\/www.muricionline.com.br\/novo\/index.php?rest_route=%2Fwp%2Fv2%2Fcomments&post=19120"}],"version-history":[{"count":1,"href":"http:\/\/www.muricionline.com.br\/novo\/index.php?rest_route=\/wp\/v2\/posts\/19120\/revisions"}],"predecessor-version":[{"id":19122,"href":"http:\/\/www.muricionline.com.br\/novo\/index.php?rest_route=\/wp\/v2\/posts\/19120\/revisions\/19122"}],"wp:featuredmedia":[{"embeddable":true,"href":"http:\/\/www.muricionline.com.br\/novo\/index.php?rest_route=\/wp\/v2\/media\/19121"}],"wp:attachment":[{"href":"http:\/\/www.muricionline.com.br\/novo\/index.php?rest_route=%2Fwp%2Fv2%2Fmedia&parent=19120"}],"wp:term":[{"taxonomy":"category","embeddable":true,"href":"http:\/\/www.muricionline.com.br\/novo\/index.php?rest_route=%2Fwp%2Fv2%2Fcategories&post=19120"},{"taxonomy":"post_tag","embeddable":true,"href":"http:\/\/www.muricionline.com.br\/novo\/index.php?rest_route=%2Fwp%2Fv2%2Ftags&post=19120"}],"curies":[{"name":"wp","href":"https:\/\/api.w.org\/{rel}","templated":true}]}}