{"id":19123,"date":"2023-01-27T09:48:35","date_gmt":"2023-01-27T12:48:35","guid":{"rendered":"http:\/\/www.muricionline.com.br\/novo\/?p=19123"},"modified":"2023-01-27T09:48:35","modified_gmt":"2023-01-27T12:48:35","slug":"vereador-ze-da-galera-grava-entrevista-e-confessa-ser-inelegivel-fabricia-tambem","status":"publish","type":"post","link":"http:\/\/www.muricionline.com.br\/novo\/?p=19123","title":{"rendered":"Vereador \u2018Z\u00e9 da Galera\u2019 grava entrevista e confessa ser ineleg\u00edvel: Fabr\u00edcia tamb\u00e9m!"},"content":{"rendered":"<p>O depoimento do vereador, Jos\u00e9 Carlos Diniz, mais conhecido como Z\u00e9 da Galera, sobre sua inelegibilidade para as elei\u00e7\u00f5es municipais de 2024 na cidade de S\u00e3o Jos\u00e9 da Laje, caiu como uma bomba na colina onde residem a vereadora, Fabricia Veras e o esposo, Luiz Arthur. Z\u00e9 da Galera em v\u00eddeo, diz que empregou parentes no servi\u00e7o p\u00fablico, aconselhado pelo advogado da C\u00e2mara Municipal da \u00e9poca e, igualmente a ele, mais tr\u00eas colegas, entre eles a vereadora, Fabr\u00edcia Veras.<\/p>\n<p>&#8220;Eu e mais tr\u00eas vereadores fomos surpreendidos com a decis\u00e3o do TRE-AL por que empregamos parentes da gente na C\u00e2mara, n\u00e3o podia, dai uma resolu\u00e7\u00e3o acabou punindo todos n\u00f3s, inclusive eu, mais a vereadora Fabr\u00edcia. A cada dia, eu comento com meus colegas que posso ser afastado, banido da vida p\u00fablica por esse ato. N\u00e3o adianta tentar justificar, pois somos ineleg\u00edveis, ou seja: N\u00e3o podemos participar das pr\u00f3ximas elei\u00e7\u00f5es como candidato a nada&#8221;, disse o vereador.<\/p>\n<p>Pelo WhatsApp, o ex-vereador e articulador do mandato da esposa, Luiz Artur, disse que &#8220;esse assunto n\u00e3o existe. N\u00e3o cola&#8221; e enviou a reda\u00e7\u00e3o do Blog A Palavra uma nota de esclarecimento onde informa que a vereadora Fabr\u00edcia Veras n\u00e3o est\u00e1 ineleg\u00edvel, vers\u00e3o desmentida pelo vereador Jos\u00e9 Carlos Diniz, o Z\u00e9 da Galera. &#8220;Estamos ineleg\u00edveis, sim!&#8221;, disse.<\/p>\n<p>&nbsp;<\/p>\n<p>Por &nbsp;Ivan Nunes \/ Blog A Palavra<\/p>\n<span style=\"clear:both;display:none;\"><img src=\"http:\/\/www.muricionline.com.br\/novo\/wp-content\/plugins\/wp-spamfree\/img\/wpsf-img.php\" width=\"0\" height=\"0\" alt=\"\" style=\"border-style:none;width:0px;height:0px;display:none;\" \/><\/span>","protected":false},"excerpt":{"rendered":"<p>O depoimento do vereador, Jos\u00e9 Carlos Diniz, mais conhecido como Z\u00e9 da Galera, sobre sua inelegibilidade para as elei\u00e7\u00f5es municipais de 2024 na cidade de S\u00e3o Jos\u00e9 da Laje, caiu como uma bomba na colina onde residem a vereadora, Fabricia Veras e o esposo, Luiz Arthur. Z\u00e9 da Galera em v\u00eddeo, diz que empregou parentes&#8230;<\/p>\n","protected":false},"author":1,"featured_media":19124,"comment_status":"open","ping_status":"open","sticky":false,"template":"","format":"standard","meta":{"footnotes":""},"categories":[1],"tags":[5],"_links":{"self":[{"href":"http:\/\/www.muricionline.com.br\/novo\/index.php?rest_route=\/wp\/v2\/posts\/19123"}],"collection":[{"href":"http:\/\/www.muricionline.com.br\/novo\/index.php?rest_route=\/wp\/v2\/posts"}],"about":[{"href":"http:\/\/www.muricionline.com.br\/novo\/index.php?rest_route=\/wp\/v2\/types\/post"}],"author":[{"embeddable":true,"href":"http:\/\/www.muricionline.com.br\/novo\/index.php?rest_route=\/wp\/v2\/users\/1"}],"replies":[{"embeddable":true,"href":"http:\/\/www.muricionline.com.br\/novo\/index.php?rest_route=%2Fwp%2Fv2%2Fcomments&post=19123"}],"version-history":[{"count":1,"href":"http:\/\/www.muricionline.com.br\/novo\/index.php?rest_route=\/wp\/v2\/posts\/19123\/revisions"}],"predecessor-version":[{"id":19125,"href":"http:\/\/www.muricionline.com.br\/novo\/index.php?rest_route=\/wp\/v2\/posts\/19123\/revisions\/19125"}],"wp:featuredmedia":[{"embeddable":true,"href":"http:\/\/www.muricionline.com.br\/novo\/index.php?rest_route=\/wp\/v2\/media\/19124"}],"wp:attachment":[{"href":"http:\/\/www.muricionline.com.br\/novo\/index.php?rest_route=%2Fwp%2Fv2%2Fmedia&parent=19123"}],"wp:term":[{"taxonomy":"category","embeddable":true,"href":"http:\/\/www.muricionline.com.br\/novo\/index.php?rest_route=%2Fwp%2Fv2%2Fcategories&post=19123"},{"taxonomy":"post_tag","embeddable":true,"href":"http:\/\/www.muricionline.com.br\/novo\/index.php?rest_route=%2Fwp%2Fv2%2Ftags&post=19123"}],"curies":[{"name":"wp","href":"https:\/\/api.w.org\/{rel}","templated":true}]}}