{"id":19127,"date":"2023-01-30T09:50:19","date_gmt":"2023-01-30T12:50:19","guid":{"rendered":"http:\/\/www.muricionline.com.br\/novo\/?p=19127"},"modified":"2023-01-30T09:50:19","modified_gmt":"2023-01-30T12:50:19","slug":"janeiro-branco-saude-de-branquinha-promove-acoes-e-oferta-atendimento-psiquiatrico-para-criancas-e-adolescentes","status":"publish","type":"post","link":"http:\/\/www.muricionline.com.br\/novo\/?p=19127","title":{"rendered":"Janeiro Branco: sa\u00fade de Branquinha promove a\u00e7\u00f5es e oferta atendimento psiqui\u00e1trico para crian\u00e7as e adolescentes"},"content":{"rendered":"<p>Em mais uma iniciativa para assegurar aos branquinhenses o acesso \u00e0s mais diversas especialidades m\u00e9dicas; a Secretaria de Sa\u00fade do munic\u00edpio de Branquinha est\u00e1 ofertando consultas psiqui\u00e1tricas para crian\u00e7as e adolescentes de 0 a 16 anos. Os atendimentos especializados acontecem uma vez por m\u00eas, no PSF III, atrav\u00e9s de encaminhamento m\u00e9dico.<\/p>\n<p>Somente em 2021, a Sociedade Brasileira de Pediatria (SBP) incluiu o tema da sa\u00fade mental entre o p\u00fablico infanto-juvenil no Tratado de Pediatria &#8211; principal publica\u00e7\u00e3o direcionada aos m\u00e9dicos que cuidam de pessoas at\u00e9 18 anos em todo o pa\u00eds. O secret\u00e1rio de Sa\u00fade, Renato Purifica\u00e7\u00e3o, destacou a import\u00e2ncia do atendimento especializado \u00e0s crian\u00e7as e adolescentes, para auxiliar no diagn\u00f3stico, preven\u00e7\u00e3o e tratamento de doen\u00e7as e sofrimento ps\u00edquico.<\/p>\n<p>\u201cDurante todo o m\u00eas, intensificamos as a\u00e7\u00f5es alusivas ao Janeiro Branco &#8211; importante campanha de cuidado \u00e0 sa\u00fade mental. Entre crian\u00e7as e adolescentes esse tema ainda \u00e9 pouco discutido, necessitando de aten\u00e7\u00e3o especial da comunidade e do poder p\u00fablico. Estudos j\u00e1 apontam que os pequenos sofreram com os impactos do isolamento social, em virtude da pandemia de Covid-19, e trouxeram consequ\u00eancias de doen\u00e7as como ansiedade e depress\u00e3o. Por isso, disponibilizamos os atendimentos com psiquiatra para esse p\u00fablico, pois somente com acompanhamento profissional podemos prevenir, diagnosticar e tratar transtornos mentais e sofrimento ps\u00edquico que afetam a sa\u00fade mental; como tamb\u00e9m, avaliar poss\u00edveis diagn\u00f3sticos para Transtorno do Espectro Autista (TEA)\u201d, disse.<\/p>\n<p>*Janeiro Roxo*<\/p>\n<p>Durante todo o m\u00eas, as equipes tamb\u00e9m promoveram, nas unidades de sa\u00fade, a\u00e7\u00f5es como: palestras, atendimentos m\u00e9dicos e testes r\u00e1pidos; voltados \u00e0 campanha Janeiro Roxo &#8211; m\u00eas dedicado \u00e0 conscientiza\u00e7\u00e3o, preven\u00e7\u00e3o e tratamento precoce da Hansen\u00edase.<\/p>\n<p>&nbsp;<\/p>\n<p>Com Assessoria&nbsp;<\/p>\n<span style=\"clear:both;display:none;\"><img src=\"http:\/\/www.muricionline.com.br\/novo\/wp-content\/plugins\/wp-spamfree\/img\/wpsf-img.php\" width=\"0\" height=\"0\" alt=\"\" style=\"border-style:none;width:0px;height:0px;display:none;\" \/><\/span>","protected":false},"excerpt":{"rendered":"<p>Em mais uma iniciativa para assegurar aos branquinhenses o acesso \u00e0s mais diversas especialidades m\u00e9dicas; a Secretaria de Sa\u00fade do munic\u00edpio de Branquinha est\u00e1 ofertando consultas psiqui\u00e1tricas para crian\u00e7as e adolescentes de 0 a 16 anos. Os atendimentos especializados acontecem uma vez por m\u00eas, no PSF III, atrav\u00e9s de encaminhamento m\u00e9dico. Somente em 2021, a&#8230;<\/p>\n","protected":false},"author":1,"featured_media":19128,"comment_status":"open","ping_status":"open","sticky":false,"template":"","format":"standard","meta":{"footnotes":""},"categories":[1],"tags":[],"_links":{"self":[{"href":"http:\/\/www.muricionline.com.br\/novo\/index.php?rest_route=\/wp\/v2\/posts\/19127"}],"collection":[{"href":"http:\/\/www.muricionline.com.br\/novo\/index.php?rest_route=\/wp\/v2\/posts"}],"about":[{"href":"http:\/\/www.muricionline.com.br\/novo\/index.php?rest_route=\/wp\/v2\/types\/post"}],"author":[{"embeddable":true,"href":"http:\/\/www.muricionline.com.br\/novo\/index.php?rest_route=\/wp\/v2\/users\/1"}],"replies":[{"embeddable":true,"href":"http:\/\/www.muricionline.com.br\/novo\/index.php?rest_route=%2Fwp%2Fv2%2Fcomments&post=19127"}],"version-history":[{"count":1,"href":"http:\/\/www.muricionline.com.br\/novo\/index.php?rest_route=\/wp\/v2\/posts\/19127\/revisions"}],"predecessor-version":[{"id":19129,"href":"http:\/\/www.muricionline.com.br\/novo\/index.php?rest_route=\/wp\/v2\/posts\/19127\/revisions\/19129"}],"wp:featuredmedia":[{"embeddable":true,"href":"http:\/\/www.muricionline.com.br\/novo\/index.php?rest_route=\/wp\/v2\/media\/19128"}],"wp:attachment":[{"href":"http:\/\/www.muricionline.com.br\/novo\/index.php?rest_route=%2Fwp%2Fv2%2Fmedia&parent=19127"}],"wp:term":[{"taxonomy":"category","embeddable":true,"href":"http:\/\/www.muricionline.com.br\/novo\/index.php?rest_route=%2Fwp%2Fv2%2Fcategories&post=19127"},{"taxonomy":"post_tag","embeddable":true,"href":"http:\/\/www.muricionline.com.br\/novo\/index.php?rest_route=%2Fwp%2Fv2%2Ftags&post=19127"}],"curies":[{"name":"wp","href":"https:\/\/api.w.org\/{rel}","templated":true}]}}