{"id":19133,"date":"2023-01-30T10:08:53","date_gmt":"2023-01-30T13:08:53","guid":{"rendered":"http:\/\/www.muricionline.com.br\/novo\/?p=19133"},"modified":"2023-01-30T10:08:53","modified_gmt":"2023-01-30T13:08:53","slug":"deputados-estaduais-tomam-posse-no-dia-1o-de-fevereiro","status":"publish","type":"post","link":"http:\/\/www.muricionline.com.br\/novo\/?p=19133","title":{"rendered":"Deputados estaduais tomam posse no dia 1\u00ba de Fevereiro"},"content":{"rendered":"<p>Os 27 deputados estaduais eleitos no \u00faltimo pleito de 2022 ser\u00e3o empossados na Assembleia Legislativa de Alagoas na pr\u00f3xima quarta-feira, 1\u00ba de fevereiro. A primeira sess\u00e3o preparat\u00f3ria de posse est\u00e1 prevista para as 14 horas, no plen\u00e1rio da Casa de Tavares Bastos, cujos trabalhos ser\u00e3o dirigidos pelo presidente do Parlamento, deputado Marcelo Victor, em conformidade com o estabelecido no par\u00e1grafo 1\u00ba, artigo 2\u00ba, do Regimento Interno do Poder. Trinta minutos ap\u00f3s a posse dos parlamentares, haver\u00e1 uma segunda sess\u00e3o preparat\u00f3ria, na qual ser\u00e1 eleito o novo presidente da Assembleia, em vota\u00e7\u00e3o isolada.<\/p>\n<p>Ap\u00f3s eleito, o presidente \u00e9 imediatamente empossado e assume os trabalhos, a fim de dar sequ\u00eancia ao processo eleitoral dos demais integrantes da Mesa Diretiva, que representar\u00e1 o Poder pelo pr\u00f3ximo bi\u00eanio (2023\/2024). Em regra, a vota\u00e7\u00e3o \u00e9 aberta e nominal, conforme estabelecido na resolu\u00e7\u00e3o n\u00ba 640\/2020. Segundo o Regimento Interno da Casa, para se eleger o novo chefe do Legislativo, assim como os demais integrantes da Mesa Diretora, \u00e9 exigida a maioria absoluta de 14 votos.<\/p>\n<p>Eleita e empossada a Mesa Diretora, bem como os suplentes, o presidente convocar\u00e1 os parlamentares a comparecer a Casa, no pr\u00f3ximo dia 15 de fevereiro, para a instala\u00e7\u00e3o da primeira sess\u00e3o legislativa da 20\u00aa Legislatura.<\/p>\n<p>Dos 27 deputados que compor\u00e3o o Parlamento alagoano na pr\u00f3xima Legislatura, 11 s\u00e3o estreantes na Casa: Alexandre Ayres (MDB), Andr\u00e9 Silva (Republicanos), Carla Dantas (MDB), Leonan Pinheiro (Uni\u00e3o Brasil), Dr. Wanderley Neto (MDB), Fernando Pereira (PP), Gabi Gon\u00e7alves (PP), Lelo Maia (Uni\u00e3o Brasil), Mesaque Padilha (Uni\u00e3o Brasil), Remi Calheiros (MDB) e Rose Davino (PP).<\/p>\n<p>Retornam ao Legislativo os deputados Cabo Bebeto (PL), Marcelo Victor (MDB), Fl\u00e1via Cavalcante (MDB), Cibele Moura (MDB), Ricardo Nezinho (MDB), Antonio Albuquerque (Republicanos), F\u00e1tima Canuto (MDB), Bruno Toledo (MDB), Ronaldo Medeiros (PT), Dudu Ronalsa (MDB), In\u00e1cio Loiola (MDB), Francisco Ten\u00f3rio (PP), Breno Albuquerque (MDB), Gilvan Barros Filho (MDB), Marcos Barbosa (Avante) e Silvio Camelo (PV).<\/p>\n<p>Primeira sess\u00e3o preparat\u00f3ria<br \/>\nDurante a primeira sess\u00e3o preparat\u00f3ria para a posse dos parlamentares, o presidente Marcelo Victor convidar\u00e1 dois deputados para, na condi\u00e7\u00e3o de 1\u00ba e 2\u00ba secret\u00e1rios, comporem a Mesa. N\u00e3o h\u00e1 chamada. O 1\u00ba secret\u00e1rio l\u00ea a rela\u00e7\u00e3o de deputados que tomar\u00e3o assento no Parlamento; e caber\u00e1 ao presidente da Mesa a leitura do termo de compromisso constitucional. Em seguida \u00e9 feita a chamada dos deputados para que, de p\u00e9, ratifiquem a declara\u00e7\u00e3o.<\/p>\n<p>Com Assessoria&nbsp;<\/p>\n<span style=\"clear:both;display:none;\"><img src=\"http:\/\/www.muricionline.com.br\/novo\/wp-content\/plugins\/wp-spamfree\/img\/wpsf-img.php\" width=\"0\" height=\"0\" alt=\"\" style=\"border-style:none;width:0px;height:0px;display:none;\" \/><\/span>","protected":false},"excerpt":{"rendered":"<p>Os 27 deputados estaduais eleitos no \u00faltimo pleito de 2022 ser\u00e3o empossados na Assembleia Legislativa de Alagoas na pr\u00f3xima quarta-feira, 1\u00ba de fevereiro. A primeira sess\u00e3o preparat\u00f3ria de posse est\u00e1 prevista para as 14 horas, no plen\u00e1rio da Casa de Tavares Bastos, cujos trabalhos ser\u00e3o dirigidos pelo presidente do Parlamento, deputado Marcelo Victor, em conformidade&#8230;<\/p>\n","protected":false},"author":1,"featured_media":19134,"comment_status":"open","ping_status":"open","sticky":false,"template":"","format":"standard","meta":{"footnotes":""},"categories":[1],"tags":[5],"_links":{"self":[{"href":"http:\/\/www.muricionline.com.br\/novo\/index.php?rest_route=\/wp\/v2\/posts\/19133"}],"collection":[{"href":"http:\/\/www.muricionline.com.br\/novo\/index.php?rest_route=\/wp\/v2\/posts"}],"about":[{"href":"http:\/\/www.muricionline.com.br\/novo\/index.php?rest_route=\/wp\/v2\/types\/post"}],"author":[{"embeddable":true,"href":"http:\/\/www.muricionline.com.br\/novo\/index.php?rest_route=\/wp\/v2\/users\/1"}],"replies":[{"embeddable":true,"href":"http:\/\/www.muricionline.com.br\/novo\/index.php?rest_route=%2Fwp%2Fv2%2Fcomments&post=19133"}],"version-history":[{"count":1,"href":"http:\/\/www.muricionline.com.br\/novo\/index.php?rest_route=\/wp\/v2\/posts\/19133\/revisions"}],"predecessor-version":[{"id":19135,"href":"http:\/\/www.muricionline.com.br\/novo\/index.php?rest_route=\/wp\/v2\/posts\/19133\/revisions\/19135"}],"wp:featuredmedia":[{"embeddable":true,"href":"http:\/\/www.muricionline.com.br\/novo\/index.php?rest_route=\/wp\/v2\/media\/19134"}],"wp:attachment":[{"href":"http:\/\/www.muricionline.com.br\/novo\/index.php?rest_route=%2Fwp%2Fv2%2Fmedia&parent=19133"}],"wp:term":[{"taxonomy":"category","embeddable":true,"href":"http:\/\/www.muricionline.com.br\/novo\/index.php?rest_route=%2Fwp%2Fv2%2Fcategories&post=19133"},{"taxonomy":"post_tag","embeddable":true,"href":"http:\/\/www.muricionline.com.br\/novo\/index.php?rest_route=%2Fwp%2Fv2%2Ftags&post=19133"}],"curies":[{"name":"wp","href":"https:\/\/api.w.org\/{rel}","templated":true}]}}