{"id":19137,"date":"2023-01-30T20:03:45","date_gmt":"2023-01-30T23:03:45","guid":{"rendered":"http:\/\/www.muricionline.com.br\/novo\/?p=19137"},"modified":"2023-01-30T20:03:45","modified_gmt":"2023-01-30T23:03:45","slug":"prefeita-de-santana-visita-obras-de-construcao-das-250-casas-conjunto-habitacional-leva-emendas-do-deputado-isnaldo-bulhoes","status":"publish","type":"post","link":"http:\/\/www.muricionline.com.br\/novo\/?p=19137","title":{"rendered":"Prefeita de Santana visita obras de constru\u00e7\u00e3o das 250 casas; Conjunto Habitacional leva emendas do deputado Isnaldo Bulh\u00f5es"},"content":{"rendered":"<p>Obras t\u00eam gerado mais de 350 empregos diretos e indiretos e os materiais est\u00e3o sendo comprados no com\u00e9rcio local, o que vem aquecendo a economia do munic\u00edpio.<\/p>\n<p>A prefeita de Santana do Ipanema, Christiane Bulh\u00f5es, visitou na \u00faltimas sexta-feira (27), as obras de constru\u00e7\u00e3o das 250 casas para as fam\u00edlias atingidas pelas enchentes do Riacho Camoxinga e Rio Ipanema. A chefe do executivo santanense esteve acompanhada do presidente da C\u00e2mara de Vereadores, Moacir J\u00fanior, dos vereadores M\u00e1rio do Laborat\u00f3rio e Genildo Bezerra, al\u00e9m do secret\u00e1rio de Infraestrutura Marcelo Melo.<\/p>\n<p>O Conjunto Habitacional vai garantir conforto, seguran\u00e7a, dignidade e qualidade de vida para as fam\u00edlias beneficiadas. Esse \u00e9 um sonho que est\u00e1 se tornando realidade gra\u00e7as as emendas destinadas pelo deputado federal Isnaldo Bulh\u00f5es.<\/p>\n<p>A constru\u00e7\u00e3o tem gerado 110 empregos diretos e mais de 250 indiretos, o que est\u00e1 fortalecendo a economia local, uma vez que os materiais utilizados na contru\u00e7\u00e3o das casas est\u00e3o sendo comprados no com\u00e9rcio local<\/p>\n<p>As obras est\u00e3o aceleradas. 32 casas est\u00e3o no processo de alvenaria e outras 37 em processo de funda\u00e7\u00e3o e loca\u00e7\u00e3o.<\/p>\n<p>V\u00cdDEO https:\/\/www.instagram.com\/p\/CoCzPwCgQK5\/<\/p>\n<span style=\"clear:both;display:none;\"><img src=\"http:\/\/www.muricionline.com.br\/novo\/wp-content\/plugins\/wp-spamfree\/img\/wpsf-img.php\" width=\"0\" height=\"0\" alt=\"\" style=\"border-style:none;width:0px;height:0px;display:none;\" \/><\/span>","protected":false},"excerpt":{"rendered":"<p>Obras t\u00eam gerado mais de 350 empregos diretos e indiretos e os materiais est\u00e3o sendo comprados no com\u00e9rcio local, o que vem aquecendo a economia do munic\u00edpio. A prefeita de Santana do Ipanema, Christiane Bulh\u00f5es, visitou na \u00faltimas sexta-feira (27), as obras de constru\u00e7\u00e3o das 250 casas para as fam\u00edlias atingidas pelas enchentes do Riacho&#8230;<\/p>\n","protected":false},"author":1,"featured_media":19138,"comment_status":"open","ping_status":"open","sticky":false,"template":"","format":"standard","meta":{"footnotes":""},"categories":[1],"tags":[5],"_links":{"self":[{"href":"http:\/\/www.muricionline.com.br\/novo\/index.php?rest_route=\/wp\/v2\/posts\/19137"}],"collection":[{"href":"http:\/\/www.muricionline.com.br\/novo\/index.php?rest_route=\/wp\/v2\/posts"}],"about":[{"href":"http:\/\/www.muricionline.com.br\/novo\/index.php?rest_route=\/wp\/v2\/types\/post"}],"author":[{"embeddable":true,"href":"http:\/\/www.muricionline.com.br\/novo\/index.php?rest_route=\/wp\/v2\/users\/1"}],"replies":[{"embeddable":true,"href":"http:\/\/www.muricionline.com.br\/novo\/index.php?rest_route=%2Fwp%2Fv2%2Fcomments&post=19137"}],"version-history":[{"count":1,"href":"http:\/\/www.muricionline.com.br\/novo\/index.php?rest_route=\/wp\/v2\/posts\/19137\/revisions"}],"predecessor-version":[{"id":19139,"href":"http:\/\/www.muricionline.com.br\/novo\/index.php?rest_route=\/wp\/v2\/posts\/19137\/revisions\/19139"}],"wp:featuredmedia":[{"embeddable":true,"href":"http:\/\/www.muricionline.com.br\/novo\/index.php?rest_route=\/wp\/v2\/media\/19138"}],"wp:attachment":[{"href":"http:\/\/www.muricionline.com.br\/novo\/index.php?rest_route=%2Fwp%2Fv2%2Fmedia&parent=19137"}],"wp:term":[{"taxonomy":"category","embeddable":true,"href":"http:\/\/www.muricionline.com.br\/novo\/index.php?rest_route=%2Fwp%2Fv2%2Fcategories&post=19137"},{"taxonomy":"post_tag","embeddable":true,"href":"http:\/\/www.muricionline.com.br\/novo\/index.php?rest_route=%2Fwp%2Fv2%2Ftags&post=19137"}],"curies":[{"name":"wp","href":"https:\/\/api.w.org\/{rel}","templated":true}]}}