{"id":19140,"date":"2023-01-30T20:04:50","date_gmt":"2023-01-30T23:04:50","guid":{"rendered":"http:\/\/www.muricionline.com.br\/novo\/?p=19140"},"modified":"2023-01-30T20:04:50","modified_gmt":"2023-01-30T23:04:50","slug":"prefeitura-de-santana-inicia-obras-na-prainha-da-represa-isnaldo-bulhoes-a-prefeitura-de-santana-do-ipanema-por-meio-da-secretaria-de-infraestrutura-iniciou-as-obras-na-prainha-da-represa-isnaldo-b","status":"publish","type":"post","link":"http:\/\/www.muricionline.com.br\/novo\/?p=19140","title":{"rendered":"Prefeitura de Santana inicia obras na prainha da Represa Isnaldo Bulh\u00f5es   A Prefeitura de Santana do Ipanema, por meio da Secretaria de Infraestrutura iniciou as obras na prainha da Represa Isnaldo Bulh\u00f5es. O secret\u00e1rio de Infraestrutura, Marcelo Melo, esteve acompanhando os trabalhos ao lado do vereador Genildo Bezerra (Papa Tudo) e do morador Z\u00e9 Guedes.  As obras na prainha t\u00eam objetivo de garantir mais lazer aos santanense e turistas que visitam o local.  \u00c9 importante ressaltar que essa \u00e9 uma etapa que antecede a urbaniza\u00e7\u00e3o da represa, que ser\u00e1 executado posteriormente pela Prefeitura."},"content":{"rendered":"<p>Prefeitura de Santana inicia obras na prainha da Represa Isnaldo Bulh\u00f5es<\/p>\n<p>A Prefeitura de Santana do Ipanema, por meio da Secretaria de Infraestrutura iniciou as obras na prainha da Represa Isnaldo Bulh\u00f5es. O secret\u00e1rio de Infraestrutura, Marcelo Melo, esteve acompanhando os trabalhos ao lado do vereador Genildo Bezerra (Papa Tudo) e do morador Z\u00e9 Guedes.<\/p>\n<p>As obras na prainha t\u00eam objetivo de garantir mais lazer aos santanense e turistas que visitam o local.<\/p>\n<p>\u00c9 importante ressaltar que essa \u00e9 uma etapa que antecede a urbaniza\u00e7\u00e3o da represa, que ser\u00e1 executado posteriormente pela Prefeitura.<\/p>\n<p>Com Assessoria&nbsp;<\/p>\n<span style=\"clear:both;display:none;\"><img src=\"http:\/\/www.muricionline.com.br\/novo\/wp-content\/plugins\/wp-spamfree\/img\/wpsf-img.php\" width=\"0\" height=\"0\" alt=\"\" style=\"border-style:none;width:0px;height:0px;display:none;\" \/><\/span>","protected":false},"excerpt":{"rendered":"<p>Prefeitura de Santana inicia obras na prainha da Represa Isnaldo Bulh\u00f5es A Prefeitura de Santana do Ipanema, por meio da Secretaria de Infraestrutura iniciou as obras na prainha da Represa Isnaldo Bulh\u00f5es. O secret\u00e1rio de Infraestrutura, Marcelo Melo, esteve acompanhando os trabalhos ao lado do vereador Genildo Bezerra (Papa Tudo) e do morador Z\u00e9 Guedes&#8230;.<\/p>\n","protected":false},"author":1,"featured_media":19141,"comment_status":"open","ping_status":"open","sticky":false,"template":"","format":"standard","meta":{"footnotes":""},"categories":[1],"tags":[5],"_links":{"self":[{"href":"http:\/\/www.muricionline.com.br\/novo\/index.php?rest_route=\/wp\/v2\/posts\/19140"}],"collection":[{"href":"http:\/\/www.muricionline.com.br\/novo\/index.php?rest_route=\/wp\/v2\/posts"}],"about":[{"href":"http:\/\/www.muricionline.com.br\/novo\/index.php?rest_route=\/wp\/v2\/types\/post"}],"author":[{"embeddable":true,"href":"http:\/\/www.muricionline.com.br\/novo\/index.php?rest_route=\/wp\/v2\/users\/1"}],"replies":[{"embeddable":true,"href":"http:\/\/www.muricionline.com.br\/novo\/index.php?rest_route=%2Fwp%2Fv2%2Fcomments&post=19140"}],"version-history":[{"count":1,"href":"http:\/\/www.muricionline.com.br\/novo\/index.php?rest_route=\/wp\/v2\/posts\/19140\/revisions"}],"predecessor-version":[{"id":19142,"href":"http:\/\/www.muricionline.com.br\/novo\/index.php?rest_route=\/wp\/v2\/posts\/19140\/revisions\/19142"}],"wp:featuredmedia":[{"embeddable":true,"href":"http:\/\/www.muricionline.com.br\/novo\/index.php?rest_route=\/wp\/v2\/media\/19141"}],"wp:attachment":[{"href":"http:\/\/www.muricionline.com.br\/novo\/index.php?rest_route=%2Fwp%2Fv2%2Fmedia&parent=19140"}],"wp:term":[{"taxonomy":"category","embeddable":true,"href":"http:\/\/www.muricionline.com.br\/novo\/index.php?rest_route=%2Fwp%2Fv2%2Fcategories&post=19140"},{"taxonomy":"post_tag","embeddable":true,"href":"http:\/\/www.muricionline.com.br\/novo\/index.php?rest_route=%2Fwp%2Fv2%2Ftags&post=19140"}],"curies":[{"name":"wp","href":"https:\/\/api.w.org\/{rel}","templated":true}]}}