{"id":19155,"date":"2023-02-01T07:31:05","date_gmt":"2023-02-01T10:31:05","guid":{"rendered":"http:\/\/www.muricionline.com.br\/novo\/?p=19155"},"modified":"2023-02-01T07:31:05","modified_gmt":"2023-02-01T10:31:05","slug":"prefeitura-de-santana-amplia-e-reconstroi-passagem-molhada-do-sitio-remetedeira","status":"publish","type":"post","link":"http:\/\/www.muricionline.com.br\/novo\/?p=19155","title":{"rendered":"Prefeitura de Santana amplia e reconstr\u00f3i passagem molhada do S\u00edtio Remetedeira"},"content":{"rendered":"<p>Passagem havia sido constru\u00edda na gest\u00e3o da prefeita Renilde Bulh\u00f5es e danificada pelas chuvas do final do ano passado. Reconstru\u00e7\u00e3o foi um pedido dos moradores, em nome de Seu Quit\u00e9rio a prefeita Christiane Bulh\u00f5es, que prontamente atendeu.<\/p>\n<p>A Prefeitura de Santana do Ipanema, por meio da Secretaria de Infraestrutura, concluiu as obras de amplia\u00e7\u00e3o e reconstru\u00e7\u00e3o da Passagem Molhada do S\u00edtio Remetedeira. Essa \u00e9 a terceira obra do tipo executada somente este ano pelo munic\u00edpio.<\/p>\n<p>A Passagem da Remetedeira foi constru\u00edda na gest\u00e3o da prefeita Renilde Bulh\u00f5es e acabou sendo danificada nas chuvas do final do ano passado.<\/p>\n<p>Seu Quit\u00e9rio, morador da regi\u00e3o e representante da comunidade, fez o pedido a prefeita Christiane Bulh\u00f5es, que imediatamente determinou que a Secretaria de Infraestrutura resolvesse o problema.<\/p>\n<p>Segundo Seu Quit\u00e9rio, durante a quadra chuvosa, os alunos da Escola Ant\u00f4nio Rodrigues Damasceno, no Povoado Olho D\u2019\u00c1gua do Amaro, precisavam atravessar o riacho a p\u00e9 para ir a escola. \u201cO sofrimento passou e o sonho da gente foi realizado atrav\u00e9s da prefeita\u201d, afirmou o morador.<\/p>\n<p>&nbsp;<\/p>\n<p>Com Assessoria&nbsp;<\/p>\n<p><img loading=\"lazy\" decoding=\"async\" class=\"alignnone size-medium wp-image-19156\" src=\"http:\/\/www.muricionline.com.br\/novo\/wp-content\/uploads\/2023\/02\/45BAEC30-DA2F-4AF9-B48F-54ABC033417F-300x225.jpeg\" alt=\"\" width=\"300\" height=\"225\" srcset=\"http:\/\/www.muricionline.com.br\/novo\/wp-content\/uploads\/2023\/02\/45BAEC30-DA2F-4AF9-B48F-54ABC033417F-300x225.jpeg 300w, http:\/\/www.muricionline.com.br\/novo\/wp-content\/uploads\/2023\/02\/45BAEC30-DA2F-4AF9-B48F-54ABC033417F-768x576.jpeg 768w, http:\/\/www.muricionline.com.br\/novo\/wp-content\/uploads\/2023\/02\/45BAEC30-DA2F-4AF9-B48F-54ABC033417F-800x600.jpeg 800w, http:\/\/www.muricionline.com.br\/novo\/wp-content\/uploads\/2023\/02\/45BAEC30-DA2F-4AF9-B48F-54ABC033417F.jpeg 1600w\" sizes=\"(max-width: 300px) 100vw, 300px\" \/><\/p>\n<span style=\"clear:both;display:none;\"><img src=\"http:\/\/www.muricionline.com.br\/novo\/wp-content\/plugins\/wp-spamfree\/img\/wpsf-img.php\" width=\"0\" height=\"0\" alt=\"\" style=\"border-style:none;width:0px;height:0px;display:none;\" \/><\/span>","protected":false},"excerpt":{"rendered":"<p>Passagem havia sido constru\u00edda na gest\u00e3o da prefeita Renilde Bulh\u00f5es e danificada pelas chuvas do final do ano passado. Reconstru\u00e7\u00e3o foi um pedido dos moradores, em nome de Seu Quit\u00e9rio a prefeita Christiane Bulh\u00f5es, que prontamente atendeu. A Prefeitura de Santana do Ipanema, por meio da Secretaria de Infraestrutura, concluiu as obras de amplia\u00e7\u00e3o e&#8230;<\/p>\n","protected":false},"author":1,"featured_media":19157,"comment_status":"open","ping_status":"open","sticky":false,"template":"","format":"standard","meta":{"footnotes":""},"categories":[1],"tags":[5],"_links":{"self":[{"href":"http:\/\/www.muricionline.com.br\/novo\/index.php?rest_route=\/wp\/v2\/posts\/19155"}],"collection":[{"href":"http:\/\/www.muricionline.com.br\/novo\/index.php?rest_route=\/wp\/v2\/posts"}],"about":[{"href":"http:\/\/www.muricionline.com.br\/novo\/index.php?rest_route=\/wp\/v2\/types\/post"}],"author":[{"embeddable":true,"href":"http:\/\/www.muricionline.com.br\/novo\/index.php?rest_route=\/wp\/v2\/users\/1"}],"replies":[{"embeddable":true,"href":"http:\/\/www.muricionline.com.br\/novo\/index.php?rest_route=%2Fwp%2Fv2%2Fcomments&post=19155"}],"version-history":[{"count":1,"href":"http:\/\/www.muricionline.com.br\/novo\/index.php?rest_route=\/wp\/v2\/posts\/19155\/revisions"}],"predecessor-version":[{"id":19158,"href":"http:\/\/www.muricionline.com.br\/novo\/index.php?rest_route=\/wp\/v2\/posts\/19155\/revisions\/19158"}],"wp:featuredmedia":[{"embeddable":true,"href":"http:\/\/www.muricionline.com.br\/novo\/index.php?rest_route=\/wp\/v2\/media\/19157"}],"wp:attachment":[{"href":"http:\/\/www.muricionline.com.br\/novo\/index.php?rest_route=%2Fwp%2Fv2%2Fmedia&parent=19155"}],"wp:term":[{"taxonomy":"category","embeddable":true,"href":"http:\/\/www.muricionline.com.br\/novo\/index.php?rest_route=%2Fwp%2Fv2%2Fcategories&post=19155"},{"taxonomy":"post_tag","embeddable":true,"href":"http:\/\/www.muricionline.com.br\/novo\/index.php?rest_route=%2Fwp%2Fv2%2Ftags&post=19155"}],"curies":[{"name":"wp","href":"https:\/\/api.w.org\/{rel}","templated":true}]}}