{"id":19174,"date":"2023-02-02T07:54:00","date_gmt":"2023-02-02T10:54:00","guid":{"rendered":"http:\/\/www.muricionline.com.br\/novo\/?p=19174"},"modified":"2023-02-02T07:54:00","modified_gmt":"2023-02-02T10:54:00","slug":"paulo-dantas-destaca-uniao-dos-poderes-na-defesa-dos-interesses-do-povo-alagoano","status":"publish","type":"post","link":"http:\/\/www.muricionline.com.br\/novo\/?p=19174","title":{"rendered":"Paulo Dantas destaca uni\u00e3o dos poderes na defesa dos interesses do povo alagoano"},"content":{"rendered":"<p>O governador Paulo Dantas esteve na Assembleia Legislativa do Estado, durante a posse dos 27 deputados estaduais, nesta quarta-feira (1\u00ba), para destacar a boa rela\u00e7\u00e3o entre os poderes para os pr\u00f3ximos 4 anos. Ele tamb\u00e9m prestigiou a aclama\u00e7\u00e3o un\u00e2nime do deputado Marcelo Victor como presidente da Mesa Diretora para o bi\u00eanio 2023-2024. O presidente do Tribunal de Justi\u00e7a, Fernando Tourinho, tamb\u00e9m participou da solenidade, al\u00e9m de outras autoridades.<\/p>\n<p>Paulo afirmou que a uni\u00e3o dos tr\u00eas poderes em Alagoas \u00e9 primordial para o fortalecimento da democracia e do pacto federativo, assim como na defesa dos interesses do estado e do povo alagoano, levando mais a\u00e7\u00f5es do poder p\u00fablico para a popula\u00e7\u00e3o. \u201cO parlamento demonstra maturidade e uni\u00e3o, com o objetivo de defender o pacto federativo, defender a democracia, defender a liberdade e demonstrar para toda a sociedade que o grande objetivo do Poder Legislativo \u00e9 colocar \u00e0 disposi\u00e7\u00e3o da sociedade os bons projetos que beneficiem a sociedade\u201d, afirmou.<\/p>\n<p>Confiante em um bom relacionamento com os parlamentares, ele destacou a capacidade do grupo que tomou posse em ampliar conquistas. \u201cEstou certo que juntos faremos um grande trabalho para beneficiar o povo de Alagoas, com equil\u00edbrio para criar um ambiente necess\u00e1rio para que o estado continue crescendo mais\u201d, destacou.<\/p>\n<p><strong>NOVA MESA DIRETORA<\/strong><\/p>\n<p>O governador tamb\u00e9m prestigiou a sess\u00e3o preparat\u00f3ria que aclamou o deputado Marcelo Victor como presidente do Legislativo, bem como a escolha dos demais membros da Mesa Diretora. Na oportunidade, Paulo parabenizou os parlamentares e afirmou que Executivo e o Legislativo devem trabalhar em parceria pelo bem do povo alagoano.<\/p>\n<p>\u201cDesejo ao presidente [da ALE] Marcelo Victor e demais parlamentares eleitos para compor a Mesa Diretora, um excelente trabalho na condu\u00e7\u00e3o da legislatura. O povo alagoano depositou em cada um dos deputados a confian\u00e7a e a esperan\u00e7a de que v\u00e3o represent\u00e1-los na Assembleia Legislativa, defendendo os interesses dos alagoanos e o Governo de Alagoas vai trabalhar em harmonia para que os melhores projetos sejam aprovados por esta casa, beneficiando todos os alagoanos. A elei\u00e7\u00e3o passou, ficou para tr\u00e1s, e devemos trabalhar por todos\u201d, disse.<\/p>\n<p>Ao final da sess\u00e3o, o deputado Marcelo Victor registrou o sentimento de alegria e parabenizou todos os eleitos e reeleitos. O presidente tamb\u00e9m agradeceu a presen\u00e7a do governador, que foi deputado estadual entre 2019 e 2022. \u201cCom isso se encerra o \u00faltimo cap\u00edtulo da elei\u00e7\u00e3o passada. Agrade\u00e7o ao governador Paulo Dantas pela presen\u00e7a, um ex-parlamentar que conhece muito bem esta Casa e que agora est\u00e1 \u00e0 frente do Estado numa miss\u00e3o muito maior. Agora temos o Poder Legislativo constitu\u00eddo com seus representantes, com o compromisso de defender a lei e a Constitui\u00e7\u00e3o, trabalhar pela harmonia e fazer com que Alagoas continue no caminho do desenvolvimento, ao lado do Poder Judici\u00e1rio e do Poder Executivo\u201d, concluiu.<\/p>\n<p>Por Rafael Maynart \/ Ag\u00eancia Alagoas<\/p>\n<p>Foto: Felipe Brasil \/ Ag\u00eancia Alagoas<\/p>\n<span style=\"clear:both;display:none;\"><img src=\"http:\/\/www.muricionline.com.br\/novo\/wp-content\/plugins\/wp-spamfree\/img\/wpsf-img.php\" width=\"0\" height=\"0\" alt=\"\" style=\"border-style:none;width:0px;height:0px;display:none;\" \/><\/span>","protected":false},"excerpt":{"rendered":"<p>O governador Paulo Dantas esteve na Assembleia Legislativa do Estado, durante a posse dos 27 deputados estaduais, nesta quarta-feira (1\u00ba), para destacar a boa rela\u00e7\u00e3o entre os poderes para os pr\u00f3ximos 4 anos. Ele tamb\u00e9m prestigiou a aclama\u00e7\u00e3o un\u00e2nime do deputado Marcelo Victor como presidente da Mesa Diretora para o bi\u00eanio 2023-2024. O presidente do&#8230;<\/p>\n","protected":false},"author":1,"featured_media":19175,"comment_status":"open","ping_status":"open","sticky":false,"template":"","format":"standard","meta":{"footnotes":""},"categories":[7,1],"tags":[5],"_links":{"self":[{"href":"http:\/\/www.muricionline.com.br\/novo\/index.php?rest_route=\/wp\/v2\/posts\/19174"}],"collection":[{"href":"http:\/\/www.muricionline.com.br\/novo\/index.php?rest_route=\/wp\/v2\/posts"}],"about":[{"href":"http:\/\/www.muricionline.com.br\/novo\/index.php?rest_route=\/wp\/v2\/types\/post"}],"author":[{"embeddable":true,"href":"http:\/\/www.muricionline.com.br\/novo\/index.php?rest_route=\/wp\/v2\/users\/1"}],"replies":[{"embeddable":true,"href":"http:\/\/www.muricionline.com.br\/novo\/index.php?rest_route=%2Fwp%2Fv2%2Fcomments&post=19174"}],"version-history":[{"count":1,"href":"http:\/\/www.muricionline.com.br\/novo\/index.php?rest_route=\/wp\/v2\/posts\/19174\/revisions"}],"predecessor-version":[{"id":19176,"href":"http:\/\/www.muricionline.com.br\/novo\/index.php?rest_route=\/wp\/v2\/posts\/19174\/revisions\/19176"}],"wp:featuredmedia":[{"embeddable":true,"href":"http:\/\/www.muricionline.com.br\/novo\/index.php?rest_route=\/wp\/v2\/media\/19175"}],"wp:attachment":[{"href":"http:\/\/www.muricionline.com.br\/novo\/index.php?rest_route=%2Fwp%2Fv2%2Fmedia&parent=19174"}],"wp:term":[{"taxonomy":"category","embeddable":true,"href":"http:\/\/www.muricionline.com.br\/novo\/index.php?rest_route=%2Fwp%2Fv2%2Fcategories&post=19174"},{"taxonomy":"post_tag","embeddable":true,"href":"http:\/\/www.muricionline.com.br\/novo\/index.php?rest_route=%2Fwp%2Fv2%2Ftags&post=19174"}],"curies":[{"name":"wp","href":"https:\/\/api.w.org\/{rel}","templated":true}]}}