{"id":19180,"date":"2023-02-02T08:40:22","date_gmt":"2023-02-02T11:40:22","guid":{"rendered":"http:\/\/www.muricionline.com.br\/novo\/?p=19180"},"modified":"2023-02-02T08:40:22","modified_gmt":"2023-02-02T11:40:22","slug":"prefeito-de-santana-do-mundau-prestigia-reeleicao-de-arthur-lira-e-posse-de-renan-filho","status":"publish","type":"post","link":"http:\/\/www.muricionline.com.br\/novo\/?p=19180","title":{"rendered":"Prefeito de Santana do Munda\u00fa prestigia reelei\u00e7\u00e3o de Arthur Lira e posse de Renan Filho"},"content":{"rendered":"<p>Nesta quarta-feira (1) em Bras\u00edlia, o prefeito de Santana do Munda\u00fa, Arthur Freitas, acompanhado do secret\u00e1rio de Educa\u00e7\u00e3o, Andr\u00e9 Castro, prestigiou a solenidade que empossou o deputado federal Arthur Lira e o reconduziu \u00e0 presid\u00eancia da C\u00e2mara dos Deputados. J\u00e1 no plen\u00e1rio do Senado Federal, o gestor participou da posse do senador Renan Filho.<\/p>\n<p>\u201cO presidente Arthur Lira foi reconduzido ao posto mais alto da C\u00e2mara dos Deputados, com a maior vota\u00e7\u00e3o da hist\u00f3ria; isso se deve a sua capacidade t\u00e9cnica e grande habilidade pol\u00edtica de unir for\u00e7as e de agir em defesa da democracia. Fiz quest\u00e3o de vir pessoalmente parabeniz\u00e1-lo e, tamb\u00e9m, agradecer-lhe, pelo olhar sempre atento \u00e0s demandas do nosso munic\u00edpio\u201d, disse Arthur Freitas.<\/p>\n<p>Com o suplente Fernando Farias, o gestor tamb\u00e9m levou seu abra\u00e7o ao senador Renan Filho, que ap\u00f3s a posse, vai se licenciar do cargo, para reassumir o Minist\u00e9rio dos Transportes. \u201cMais um grande orgulho para Alagoas. Tenho certeza que ele levar\u00e1 a sua exitosa experi\u00eancia \u00e0 frente do Governo do Estado, para todo o Brasil\u201d, finalizou, Freitas.<\/p>\n<p>&nbsp;<\/p>\n<p>Com Assessoria&nbsp;<\/p>\n<span style=\"clear:both;display:none;\"><img src=\"http:\/\/www.muricionline.com.br\/novo\/wp-content\/plugins\/wp-spamfree\/img\/wpsf-img.php\" width=\"0\" height=\"0\" alt=\"\" style=\"border-style:none;width:0px;height:0px;display:none;\" \/><\/span>","protected":false},"excerpt":{"rendered":"<p>Nesta quarta-feira (1) em Bras\u00edlia, o prefeito de Santana do Munda\u00fa, Arthur Freitas, acompanhado do secret\u00e1rio de Educa\u00e7\u00e3o, Andr\u00e9 Castro, prestigiou a solenidade que empossou o deputado federal Arthur Lira e o reconduziu \u00e0 presid\u00eancia da C\u00e2mara dos Deputados. J\u00e1 no plen\u00e1rio do Senado Federal, o gestor participou da posse do senador Renan Filho. \u201cO&#8230;<\/p>\n","protected":false},"author":1,"featured_media":19181,"comment_status":"open","ping_status":"open","sticky":false,"template":"","format":"standard","meta":{"footnotes":""},"categories":[1],"tags":[5],"_links":{"self":[{"href":"http:\/\/www.muricionline.com.br\/novo\/index.php?rest_route=\/wp\/v2\/posts\/19180"}],"collection":[{"href":"http:\/\/www.muricionline.com.br\/novo\/index.php?rest_route=\/wp\/v2\/posts"}],"about":[{"href":"http:\/\/www.muricionline.com.br\/novo\/index.php?rest_route=\/wp\/v2\/types\/post"}],"author":[{"embeddable":true,"href":"http:\/\/www.muricionline.com.br\/novo\/index.php?rest_route=\/wp\/v2\/users\/1"}],"replies":[{"embeddable":true,"href":"http:\/\/www.muricionline.com.br\/novo\/index.php?rest_route=%2Fwp%2Fv2%2Fcomments&post=19180"}],"version-history":[{"count":1,"href":"http:\/\/www.muricionline.com.br\/novo\/index.php?rest_route=\/wp\/v2\/posts\/19180\/revisions"}],"predecessor-version":[{"id":19182,"href":"http:\/\/www.muricionline.com.br\/novo\/index.php?rest_route=\/wp\/v2\/posts\/19180\/revisions\/19182"}],"wp:featuredmedia":[{"embeddable":true,"href":"http:\/\/www.muricionline.com.br\/novo\/index.php?rest_route=\/wp\/v2\/media\/19181"}],"wp:attachment":[{"href":"http:\/\/www.muricionline.com.br\/novo\/index.php?rest_route=%2Fwp%2Fv2%2Fmedia&parent=19180"}],"wp:term":[{"taxonomy":"category","embeddable":true,"href":"http:\/\/www.muricionline.com.br\/novo\/index.php?rest_route=%2Fwp%2Fv2%2Fcategories&post=19180"},{"taxonomy":"post_tag","embeddable":true,"href":"http:\/\/www.muricionline.com.br\/novo\/index.php?rest_route=%2Fwp%2Fv2%2Ftags&post=19180"}],"curies":[{"name":"wp","href":"https:\/\/api.w.org\/{rel}","templated":true}]}}