{"id":19196,"date":"2023-02-03T18:10:41","date_gmt":"2023-02-03T21:10:41","guid":{"rendered":"http:\/\/www.muricionline.com.br\/novo\/?p=19196"},"modified":"2023-02-03T18:10:41","modified_gmt":"2023-02-03T21:10:41","slug":"ano-letivo-2023-antes-da-volta-as-aulas-educacao-de-branquinha-promove-seminario","status":"publish","type":"post","link":"http:\/\/www.muricionline.com.br\/novo\/?p=19196","title":{"rendered":"Ano Letivo 2023: antes da volta \u00e0s aulas, Educa\u00e7\u00e3o de Branquinha promove Semin\u00e1rio"},"content":{"rendered":"<p>Com o objetivo de preparar os profissionais para o in\u00edcio do ano letivo de 2023, a Prefeitura de Branquinha, por meio da Secretaria de Educa\u00e7\u00e3o, promoveu um importante semin\u00e1rio com o tema \u201cCurr\u00edculo em A\u00e7\u00e3o: pr\u00e1ticas pedag\u00f3gicas para assegurar ensino-aprendizagem com equidade\u201d. Durante tr\u00eas dias, (30 e 31 de janeiro e 01 de fevereiro), os profissionais participaram de oficinas pr\u00e1ticas, cursos, palestras e din\u00e2micas em grupo. Na abertura do evento, eles tamb\u00e9m puderam dar boas gargalhadas com a apresenta\u00e7\u00e3o irreverente do humorista Marlon Rossy.<\/p>\n<p>A iniciativa integra o Programa Renova Mais Educa\u00e7\u00e3o com Equidade, implantado na gest\u00e3o do prefeito Neno Freitas, que vem colhendo resultados importantes, elevando o n\u00edvel de aprendizado do alunado e, consequentemente, os \u00edndices educacionais.<\/p>\n<p>\u201cDurante os encontros, tivemos a oportunidade de envolver toda equipe pedag\u00f3gica e demais profissionais no plano estrat\u00e9gico do programa, levando forma\u00e7\u00e3o espec\u00edfica a cada servidor, para ampliar seus conhecimentos. Nosso objetivo \u00e9 realizar, ao longo do ano, outras forma\u00e7\u00f5es e ofertar a todos que integram a Educa\u00e7\u00e3o municipal, mais conhecimento por meio dos cursos e semin\u00e1rios. Estamos prontos para acolher nossos alunos e pais em nossas escolas e muito animados com o in\u00edcio de mais um ano letivo. Assim como nos \u00faltimos anos, vamos dar o nosso melhor para proporcionar ensino p\u00fablico de qualidade aos estudantes branquinhenses\u201d, destacou o secret\u00e1rio de Educa\u00e7\u00e3o, Ednaldo Firmino.<\/p>\n<p>Prestigiaram a abertura do evento o prefeito Neno Freitas; o presidente da C\u00e2mara, Robinho; e os vereadores Fabiano, Fran\u00e7uar e Frank Eloi.Com<\/p>\n<p>Assessoria&nbsp;<\/p>\n<span style=\"clear:both;display:none;\"><img src=\"http:\/\/www.muricionline.com.br\/novo\/wp-content\/plugins\/wp-spamfree\/img\/wpsf-img.php\" width=\"0\" height=\"0\" alt=\"\" style=\"border-style:none;width:0px;height:0px;display:none;\" \/><\/span>","protected":false},"excerpt":{"rendered":"<p>Com o objetivo de preparar os profissionais para o in\u00edcio do ano letivo de 2023, a Prefeitura de Branquinha, por meio da Secretaria de Educa\u00e7\u00e3o, promoveu um importante semin\u00e1rio com o tema \u201cCurr\u00edculo em A\u00e7\u00e3o: pr\u00e1ticas pedag\u00f3gicas para assegurar ensino-aprendizagem com equidade\u201d. Durante tr\u00eas dias, (30 e 31 de janeiro e 01 de fevereiro), os&#8230;<\/p>\n","protected":false},"author":1,"featured_media":19197,"comment_status":"open","ping_status":"open","sticky":false,"template":"","format":"standard","meta":{"footnotes":""},"categories":[1],"tags":[5],"_links":{"self":[{"href":"http:\/\/www.muricionline.com.br\/novo\/index.php?rest_route=\/wp\/v2\/posts\/19196"}],"collection":[{"href":"http:\/\/www.muricionline.com.br\/novo\/index.php?rest_route=\/wp\/v2\/posts"}],"about":[{"href":"http:\/\/www.muricionline.com.br\/novo\/index.php?rest_route=\/wp\/v2\/types\/post"}],"author":[{"embeddable":true,"href":"http:\/\/www.muricionline.com.br\/novo\/index.php?rest_route=\/wp\/v2\/users\/1"}],"replies":[{"embeddable":true,"href":"http:\/\/www.muricionline.com.br\/novo\/index.php?rest_route=%2Fwp%2Fv2%2Fcomments&post=19196"}],"version-history":[{"count":1,"href":"http:\/\/www.muricionline.com.br\/novo\/index.php?rest_route=\/wp\/v2\/posts\/19196\/revisions"}],"predecessor-version":[{"id":19198,"href":"http:\/\/www.muricionline.com.br\/novo\/index.php?rest_route=\/wp\/v2\/posts\/19196\/revisions\/19198"}],"wp:featuredmedia":[{"embeddable":true,"href":"http:\/\/www.muricionline.com.br\/novo\/index.php?rest_route=\/wp\/v2\/media\/19197"}],"wp:attachment":[{"href":"http:\/\/www.muricionline.com.br\/novo\/index.php?rest_route=%2Fwp%2Fv2%2Fmedia&parent=19196"}],"wp:term":[{"taxonomy":"category","embeddable":true,"href":"http:\/\/www.muricionline.com.br\/novo\/index.php?rest_route=%2Fwp%2Fv2%2Fcategories&post=19196"},{"taxonomy":"post_tag","embeddable":true,"href":"http:\/\/www.muricionline.com.br\/novo\/index.php?rest_route=%2Fwp%2Fv2%2Ftags&post=19196"}],"curies":[{"name":"wp","href":"https:\/\/api.w.org\/{rel}","templated":true}]}}