{"id":19199,"date":"2023-02-03T18:14:28","date_gmt":"2023-02-03T21:14:28","guid":{"rendered":"http:\/\/www.muricionline.com.br\/novo\/?p=19199"},"modified":"2023-02-03T18:14:28","modified_gmt":"2023-02-03T21:14:28","slug":"prefeitura-divulga-atracoes-do-carnaval-2023-em-santana-do-ipanema","status":"publish","type":"post","link":"http:\/\/www.muricionline.com.br\/novo\/?p=19199","title":{"rendered":"Prefeitura divulga atra\u00e7\u00f5es do Carnaval 2023 em Santana do Ipanema"},"content":{"rendered":"<p>A Prefeitura de Santana do Ipanema divulgou nesta quinta-feira (2) a programa\u00e7\u00e3o oficial do Carnaval 2023, que vai de 17 a 21 de fevereiro, com atra\u00e7\u00f5es no Centro de Conviv\u00eancia, no Largo C\u00f4nego Jos\u00e9 Bulh\u00f5es, e na Represa Dr. Isnaldo Bulh\u00f5es.<\/p>\n<p>A abertura est\u00e1 marcada para a sexta-feira (17) com o tradicional desfile de blocos em dire\u00e7\u00e3o ao Centro de Conviv\u00eancia, onde sobem ao palco a Orquestra P\u00e9 no Frevo, a banda Armandinho, Dod\u00f4 e Osmar e o artista da terra Jo\u00e3o Neto.<\/p>\n<p>A grande novidade de 2023 \u00e9 a programa\u00e7\u00e3o durante as manh\u00e3s de domingo (19) e ter\u00e7a-feira (21) na Represa Dr. Isnaldo Bulh\u00f5es com orquestras, bandas, banho de espuma e jato de \u00e1gua.<\/p>\n<p>J\u00e1 as tardes do domingo e da ter\u00e7a foram preparadas especialmente para a crian\u00e7ada com a participa\u00e7\u00e3o da Banda Cazuadinha e do Palha\u00e7o Mixuruca no Centro de Conviv\u00eancia, no Largo C\u00f4nego Jos\u00e9 Bulh\u00f5es.<\/p>\n<p>As noites ser\u00e3o marcadas por apresenta\u00e7\u00f5es de orquestras, bandas e artistas da terra e de outros estados como a Banda Patusco, que arrasta multid\u00f5es pelas ladeiras de Olinda, o ex-vocalista da Banda Timbalada, Xex\u00e9u, e o cantor baiano Julinho Porrad\u00e3o.<\/p>\n<p>Confira a programa\u00e7\u00e3o completa:<\/p>\n<p>Sexta-feira (17)<\/p>\n<p>Largo do Maracan\u00e3<\/p>\n<p>21h Desfile dos Blocos<\/p>\n<p>Centro de Conviv\u00eancia \u2013 Largo C\u00f4nego Jos\u00e9 Bulh\u00f5es<\/p>\n<p>22h Orquestra P\u00e9 no Frevo<\/p>\n<p>00h Armandinho (Dod\u00f4 e Osmar)<\/p>\n<p>2h Jo\u00e3o Neto<\/p>\n<p>S\u00e1bado (18)<\/p>\n<p>Centro de Conviv\u00eancia \u2013 Largo C\u00f4nego Jos\u00e9 Bulh\u00f5es<\/p>\n<p>22h Orquestra Terremoto<\/p>\n<p>00h Patusco<\/p>\n<p>2h Xex\u00e9u Ex-Timbalada<\/p>\n<p>Domingo (19)<\/p>\n<p>Represa Isnaldo Bulh\u00f5es<\/p>\n<p>11h Orquestra P\u00e9 no Frevo<\/p>\n<p>Banho de Espuma<\/p>\n<p>Jato D\u2019\u00e1gua<\/p>\n<p>13h Nukomando<\/p>\n<p>Centro de Conviv\u00eancia \u2013 Largo C\u00f4nego Jos\u00e9 Bulh\u00f5es<\/p>\n<p>17h Cazuadinha \u2013 Matin\u00ea<\/p>\n<p>22h Orquestra Terremoto<\/p>\n<p>00h Valneij\u00f3s<\/p>\n<p>2h Kriativos<\/p>\n<p>Segunda (20)<\/p>\n<p>Centro de Conviv\u00eancia \u2013 Largo C\u00f4nego Jos\u00e9 Bulh\u00f5es<\/p>\n<p>22h Orquestra Vers\u00e1til<\/p>\n<p>00h Julinho Porrad\u00e3o<\/p>\n<p>2h Frank Balada<\/p>\n<p>Ter\u00e7a-feira (21)<\/p>\n<p>Represa Isnaldo Bulh\u00f5es<\/p>\n<p>11h Orquestra P\u00e9 no Frevo<\/p>\n<p>Banho de Espuma<\/p>\n<p>Jato D\u2019\u00e1gua<\/p>\n<p>13h Nukomando<\/p>\n<p>Centro de Conviv\u00eancia \u2013 Largo C\u00f4nego Jos\u00e9 Bulh\u00f5es<\/p>\n<p>17h Palha\u00e7o Mixuruca &#8211; Matin\u00ea<\/p>\n<p>22h Orquestra Vers\u00e1til<\/p>\n<p>00h Cajubanda<\/p>\n<p>2h Walisson Maicon<\/p>\n<p>4h Arrast\u00e3o Orquestra P\u00e9 no FrevoCom Assessoria&nbsp;<\/p>\n<p>&nbsp;<\/p>\n<p>&nbsp;<\/p>\n<span style=\"clear:both;display:none;\"><img src=\"http:\/\/www.muricionline.com.br\/novo\/wp-content\/plugins\/wp-spamfree\/img\/wpsf-img.php\" width=\"0\" height=\"0\" alt=\"\" style=\"border-style:none;width:0px;height:0px;display:none;\" \/><\/span>","protected":false},"excerpt":{"rendered":"<p>A Prefeitura de Santana do Ipanema divulgou nesta quinta-feira (2) a programa\u00e7\u00e3o oficial do Carnaval 2023, que vai de 17 a 21 de fevereiro, com atra\u00e7\u00f5es no Centro de Conviv\u00eancia, no Largo C\u00f4nego Jos\u00e9 Bulh\u00f5es, e na Represa Dr. Isnaldo Bulh\u00f5es. A abertura est\u00e1 marcada para a sexta-feira (17) com o tradicional desfile de blocos&#8230;<\/p>\n","protected":false},"author":1,"featured_media":19200,"comment_status":"open","ping_status":"open","sticky":false,"template":"","format":"standard","meta":{"footnotes":""},"categories":[1],"tags":[5],"_links":{"self":[{"href":"http:\/\/www.muricionline.com.br\/novo\/index.php?rest_route=\/wp\/v2\/posts\/19199"}],"collection":[{"href":"http:\/\/www.muricionline.com.br\/novo\/index.php?rest_route=\/wp\/v2\/posts"}],"about":[{"href":"http:\/\/www.muricionline.com.br\/novo\/index.php?rest_route=\/wp\/v2\/types\/post"}],"author":[{"embeddable":true,"href":"http:\/\/www.muricionline.com.br\/novo\/index.php?rest_route=\/wp\/v2\/users\/1"}],"replies":[{"embeddable":true,"href":"http:\/\/www.muricionline.com.br\/novo\/index.php?rest_route=%2Fwp%2Fv2%2Fcomments&post=19199"}],"version-history":[{"count":1,"href":"http:\/\/www.muricionline.com.br\/novo\/index.php?rest_route=\/wp\/v2\/posts\/19199\/revisions"}],"predecessor-version":[{"id":19201,"href":"http:\/\/www.muricionline.com.br\/novo\/index.php?rest_route=\/wp\/v2\/posts\/19199\/revisions\/19201"}],"wp:featuredmedia":[{"embeddable":true,"href":"http:\/\/www.muricionline.com.br\/novo\/index.php?rest_route=\/wp\/v2\/media\/19200"}],"wp:attachment":[{"href":"http:\/\/www.muricionline.com.br\/novo\/index.php?rest_route=%2Fwp%2Fv2%2Fmedia&parent=19199"}],"wp:term":[{"taxonomy":"category","embeddable":true,"href":"http:\/\/www.muricionline.com.br\/novo\/index.php?rest_route=%2Fwp%2Fv2%2Fcategories&post=19199"},{"taxonomy":"post_tag","embeddable":true,"href":"http:\/\/www.muricionline.com.br\/novo\/index.php?rest_route=%2Fwp%2Fv2%2Ftags&post=19199"}],"curies":[{"name":"wp","href":"https:\/\/api.w.org\/{rel}","templated":true}]}}