{"id":19302,"date":"2023-02-14T10:14:43","date_gmt":"2023-02-14T13:14:43","guid":{"rendered":"http:\/\/www.muricionline.com.br\/novo\/?p=19302"},"modified":"2023-02-14T10:14:53","modified_gmt":"2023-02-14T13:14:53","slug":"rede-municipal-de-branquinha-inicia-ano-letivo-de-2023","status":"publish","type":"post","link":"http:\/\/www.muricionline.com.br\/novo\/?p=19302","title":{"rendered":"Rede municipal de Branquinha inicia ano letivo de 2023"},"content":{"rendered":"<p>Ansiedade, reencontros e muita alegria, foi com esse clima que nesta segunda-feira (14), a rede municipal de Branquinha iniciou o ano letivo de 2023. Com personagens infantis, brincadeiras, din\u00e2micas e outras atividades, os estudantes foram acolhidos no ambiente escolar com uma super recep\u00e7\u00e3o de boas vindas.<\/p>\n<p>O secret\u00e1rio de Educa\u00e7\u00e3o, Ednaldo Firmino, percorreu algumas escolas e falou sobre a satisfa\u00e7\u00e3o da equipe pedag\u00f3gica em iniciar mais um ano letivo. \u201cEsse momento representa o come\u00e7o de uma nova jornada e as expectativas s\u00e3o as melhores. Antes de retornarmos \u00e0s atividades com o alunado, realizamos planejamento e tamb\u00e9m uma importante forma\u00e7\u00e3o, atrav\u00e9s do Programa Renova Mais Educa\u00e7\u00e3o com Equidade, implantado na gest\u00e3o do prefeito Neno Freitas, que j\u00e1 vem colhendo importantes resultados. Nosso objetivo \u00e9 seguir proporcionando um ensino p\u00fablico de qualidade, e, consequente, elevando ainda mais os \u00edndices educacionais do nosso munic\u00edpio\u201d, disse.<\/p>\n<p>&nbsp;<\/p>\n<p>Com Assessoria&nbsp;<\/p>\n<span style=\"clear:both;display:none;\"><img src=\"http:\/\/www.muricionline.com.br\/novo\/wp-content\/plugins\/wp-spamfree\/img\/wpsf-img.php\" width=\"0\" height=\"0\" alt=\"\" style=\"border-style:none;width:0px;height:0px;display:none;\" \/><\/span>","protected":false},"excerpt":{"rendered":"<p>Ansiedade, reencontros e muita alegria, foi com esse clima que nesta segunda-feira (14), a rede municipal de Branquinha iniciou o ano letivo de 2023. Com personagens infantis, brincadeiras, din\u00e2micas e outras atividades, os estudantes foram acolhidos no ambiente escolar com uma super recep\u00e7\u00e3o de boas vindas. O secret\u00e1rio de Educa\u00e7\u00e3o, Ednaldo Firmino, percorreu algumas escolas&#8230;<\/p>\n","protected":false},"author":1,"featured_media":19303,"comment_status":"open","ping_status":"open","sticky":false,"template":"","format":"standard","meta":{"footnotes":""},"categories":[1],"tags":[5],"_links":{"self":[{"href":"http:\/\/www.muricionline.com.br\/novo\/index.php?rest_route=\/wp\/v2\/posts\/19302"}],"collection":[{"href":"http:\/\/www.muricionline.com.br\/novo\/index.php?rest_route=\/wp\/v2\/posts"}],"about":[{"href":"http:\/\/www.muricionline.com.br\/novo\/index.php?rest_route=\/wp\/v2\/types\/post"}],"author":[{"embeddable":true,"href":"http:\/\/www.muricionline.com.br\/novo\/index.php?rest_route=\/wp\/v2\/users\/1"}],"replies":[{"embeddable":true,"href":"http:\/\/www.muricionline.com.br\/novo\/index.php?rest_route=%2Fwp%2Fv2%2Fcomments&post=19302"}],"version-history":[{"count":1,"href":"http:\/\/www.muricionline.com.br\/novo\/index.php?rest_route=\/wp\/v2\/posts\/19302\/revisions"}],"predecessor-version":[{"id":19304,"href":"http:\/\/www.muricionline.com.br\/novo\/index.php?rest_route=\/wp\/v2\/posts\/19302\/revisions\/19304"}],"wp:featuredmedia":[{"embeddable":true,"href":"http:\/\/www.muricionline.com.br\/novo\/index.php?rest_route=\/wp\/v2\/media\/19303"}],"wp:attachment":[{"href":"http:\/\/www.muricionline.com.br\/novo\/index.php?rest_route=%2Fwp%2Fv2%2Fmedia&parent=19302"}],"wp:term":[{"taxonomy":"category","embeddable":true,"href":"http:\/\/www.muricionline.com.br\/novo\/index.php?rest_route=%2Fwp%2Fv2%2Fcategories&post=19302"},{"taxonomy":"post_tag","embeddable":true,"href":"http:\/\/www.muricionline.com.br\/novo\/index.php?rest_route=%2Fwp%2Fv2%2Ftags&post=19302"}],"curies":[{"name":"wp","href":"https:\/\/api.w.org\/{rel}","templated":true}]}}