{"id":19305,"date":"2023-02-14T13:44:39","date_gmt":"2023-02-14T16:44:39","guid":{"rendered":"http:\/\/www.muricionline.com.br\/novo\/?p=19305"},"modified":"2023-02-14T13:44:39","modified_gmt":"2023-02-14T16:44:39","slug":"santana-firma-acordo-de-cooperacao-tecnica-com-sobral-ce-municipio-que-possui-nove-escolas-entre-as-100-melhores-do-brasil","status":"publish","type":"post","link":"http:\/\/www.muricionline.com.br\/novo\/?p=19305","title":{"rendered":"Santana firma acordo de Coopera\u00e7\u00e3o T\u00e9cnica com Sobral-CE, munic\u00edpio que possui nove escolas entre as 100 melhores do Brasil"},"content":{"rendered":"<p>A Prefeitura de Santana do Ipanema, por meio da Secretaria Municipal de Educa\u00e7\u00e3o, firmou um acordo de Coopera\u00e7\u00e3o T\u00e9cnica com o munic\u00edpio de Sobral-CE, por interm\u00e9dio da Secretaria Municipal de Educa\u00e7\u00e3o e a Escola de Forma\u00e7\u00e3o do Magist\u00e9rio e Gest\u00e3o Educacional (Esfapege). O acordo tem por objeto conjuga\u00e7\u00e3o de esfor\u00e7os entre as partes para a execu\u00e7\u00e3o de atividades de apoio no \u00e2mbito da forma\u00e7\u00e3o, desenvolvimento de programas, atendendo os alunos, professores, diretores, coordenadores e demais t\u00e9cnicos da educa\u00e7\u00e3o b\u00e1sica dos munic\u00edpios.<\/p>\n<p>O acordo foi firmado durante evento realizado pela Prefeitura de Santana, na Quadra Poliesportiva Jos\u00e9 Francisco de Andrade, na noite desta segunda-feira (13). Participaram a prefeita Christiane Bulh\u00f5es, o presidente da C\u00e2mara de Vereadores, Moacir J\u00fanior, a vereadora Eliana Fofa, os secret\u00e1rios J\u00fanior Genu\u00edno e Marcelo Melo, al\u00e9m do secret\u00e1rio municipal de Educa\u00e7\u00e3o de Sobral, Herbert Lima, os consultores educacionais Marcos e Marta, da MM Martins Solu\u00e7\u00f5es Educacionais e profissionais da Educa\u00e7\u00e3o de Santana do Ipanema.<\/p>\n<p><a href=\"http:\/\/www.muricionline.com.br\/novo\/wp-content\/uploads\/2023\/02\/B9DDD3AB-0040-44C2-8E2A-44D41823D173.jpeg\"><img loading=\"lazy\" decoding=\"async\" class=\"aligncenter size-full wp-image-19307\" src=\"http:\/\/www.muricionline.com.br\/novo\/wp-content\/uploads\/2023\/02\/B9DDD3AB-0040-44C2-8E2A-44D41823D173.jpeg\" alt=\"\" width=\"1600\" height=\"1066\" srcset=\"http:\/\/www.muricionline.com.br\/novo\/wp-content\/uploads\/2023\/02\/B9DDD3AB-0040-44C2-8E2A-44D41823D173.jpeg 1600w, http:\/\/www.muricionline.com.br\/novo\/wp-content\/uploads\/2023\/02\/B9DDD3AB-0040-44C2-8E2A-44D41823D173-300x200.jpeg 300w, http:\/\/www.muricionline.com.br\/novo\/wp-content\/uploads\/2023\/02\/B9DDD3AB-0040-44C2-8E2A-44D41823D173-768x512.jpeg 768w, http:\/\/www.muricionline.com.br\/novo\/wp-content\/uploads\/2023\/02\/B9DDD3AB-0040-44C2-8E2A-44D41823D173-800x533.jpeg 800w\" sizes=\"(max-width: 1600px) 100vw, 1600px\" \/><\/a><\/p>\n<p>A noite foi marcada ainda por uma palestra do secret\u00e1rio Herbert, que apresentou um pouco do trabalho desenvolvido em Sobral, cidade que \u00e9 refer\u00eancia nacional em educa\u00e7\u00e3o. Os resultados do IDEB divulgados no ano passado mostraram que Sobral possui nove escolas entre as 100 melhores do pa\u00eds, ocupando o primeiro lugar do Brasil no Ideb de 2021 entre munic\u00edpios com mais de 50 mil habitantes.<\/p>\n<p>\u201cEsse interc\u00e2mbio com certeza ir\u00e1 trazer boas a\u00e7\u00f5es e excelentes resultados. A educa\u00e7\u00e3o \u00e9 um dos principais instrumentos de transforma\u00e7\u00e3o social e sempre ser\u00e1 uma prioridade da nossa administra\u00e7\u00e3o\u201d, afirmou a prefeita.<\/p>\n<p>&nbsp;<\/p>\n<p>Com Assessoria&nbsp;<\/p>\n<span style=\"clear:both;display:none;\"><img src=\"http:\/\/www.muricionline.com.br\/novo\/wp-content\/plugins\/wp-spamfree\/img\/wpsf-img.php\" width=\"0\" height=\"0\" alt=\"\" style=\"border-style:none;width:0px;height:0px;display:none;\" \/><\/span>","protected":false},"excerpt":{"rendered":"<p>A Prefeitura de Santana do Ipanema, por meio da Secretaria Municipal de Educa\u00e7\u00e3o, firmou um acordo de Coopera\u00e7\u00e3o T\u00e9cnica com o munic\u00edpio de Sobral-CE, por interm\u00e9dio da Secretaria Municipal de Educa\u00e7\u00e3o e a Escola de Forma\u00e7\u00e3o do Magist\u00e9rio e Gest\u00e3o Educacional (Esfapege). O acordo tem por objeto conjuga\u00e7\u00e3o de esfor\u00e7os entre as partes para a&#8230;<\/p>\n","protected":false},"author":1,"featured_media":19306,"comment_status":"open","ping_status":"open","sticky":false,"template":"","format":"standard","meta":{"footnotes":""},"categories":[1],"tags":[5],"_links":{"self":[{"href":"http:\/\/www.muricionline.com.br\/novo\/index.php?rest_route=\/wp\/v2\/posts\/19305"}],"collection":[{"href":"http:\/\/www.muricionline.com.br\/novo\/index.php?rest_route=\/wp\/v2\/posts"}],"about":[{"href":"http:\/\/www.muricionline.com.br\/novo\/index.php?rest_route=\/wp\/v2\/types\/post"}],"author":[{"embeddable":true,"href":"http:\/\/www.muricionline.com.br\/novo\/index.php?rest_route=\/wp\/v2\/users\/1"}],"replies":[{"embeddable":true,"href":"http:\/\/www.muricionline.com.br\/novo\/index.php?rest_route=%2Fwp%2Fv2%2Fcomments&post=19305"}],"version-history":[{"count":1,"href":"http:\/\/www.muricionline.com.br\/novo\/index.php?rest_route=\/wp\/v2\/posts\/19305\/revisions"}],"predecessor-version":[{"id":19308,"href":"http:\/\/www.muricionline.com.br\/novo\/index.php?rest_route=\/wp\/v2\/posts\/19305\/revisions\/19308"}],"wp:featuredmedia":[{"embeddable":true,"href":"http:\/\/www.muricionline.com.br\/novo\/index.php?rest_route=\/wp\/v2\/media\/19306"}],"wp:attachment":[{"href":"http:\/\/www.muricionline.com.br\/novo\/index.php?rest_route=%2Fwp%2Fv2%2Fmedia&parent=19305"}],"wp:term":[{"taxonomy":"category","embeddable":true,"href":"http:\/\/www.muricionline.com.br\/novo\/index.php?rest_route=%2Fwp%2Fv2%2Fcategories&post=19305"},{"taxonomy":"post_tag","embeddable":true,"href":"http:\/\/www.muricionline.com.br\/novo\/index.php?rest_route=%2Fwp%2Fv2%2Ftags&post=19305"}],"curies":[{"name":"wp","href":"https:\/\/api.w.org\/{rel}","templated":true}]}}