{"id":19309,"date":"2023-02-14T19:59:27","date_gmt":"2023-02-14T22:59:27","guid":{"rendered":"http:\/\/www.muricionline.com.br\/novo\/?p=19309"},"modified":"2023-02-14T19:59:27","modified_gmt":"2023-02-14T22:59:27","slug":"prefeitura-de-santana-realiza-v-encontro-dos-profetas-das-chuvas-do-sertao-alagoano-nesta-quarta-feira-15","status":"publish","type":"post","link":"http:\/\/www.muricionline.com.br\/novo\/?p=19309","title":{"rendered":"Prefeitura de Santana realiza V encontro dos Profetas das Chuvas do Sert\u00e3o Alagoano nesta quarta-feira (15)"},"content":{"rendered":"<p>Evento tem in\u00edcio \u00e0s 8h em frente \u00e0 sede da Secretaria de Desenvolvimento Rural, Meio Ambiente e Recursos H\u00eddricos, ao lado da Caixa, na Avenida Dr. Ars\u00eanio Moreira.<\/p>\n<p>A prefeitura de Santana do Ipanema, por meio da Secretaria Municipal de Desenvolvimento Rural, Meio Ambiente e Recursos H\u00eddricos (Semdrumah), realiza nesta quarta-feira (15), a partir das 8h, o V Encontro dos Profetas das Chuvas do Sert\u00e3o Alagoano.<\/p>\n<p>O evento acontece em frente \u00e0 sede da Secretaria de Desenvolvimento Rural, Meio Ambiente e Recursos H\u00eddricos, (Semdrumarh), na Avenida Dr. Ars\u00eanio Moreira e ser\u00e1 ter\u00e1 apresenta\u00e7\u00f5es culturais.<\/p>\n<p>Os profetas utilizam da ci\u00eancia, sabedoria popular e fen\u00f4menos naturais, diante de uma sabedoria repassada ao longo de gera\u00e7\u00f5es, para apontar o progn\u00f3stico das chuvas na regi\u00e3o. Ser\u00e1 um granve evento, n\u00e3o perca!<\/p>\n<p>&nbsp;<\/p>\n<p>Com Assessoria&nbsp;<\/p>\n<span style=\"clear:both;display:none;\"><img src=\"http:\/\/www.muricionline.com.br\/novo\/wp-content\/plugins\/wp-spamfree\/img\/wpsf-img.php\" width=\"0\" height=\"0\" alt=\"\" style=\"border-style:none;width:0px;height:0px;display:none;\" \/><\/span>","protected":false},"excerpt":{"rendered":"<p>Evento tem in\u00edcio \u00e0s 8h em frente \u00e0 sede da Secretaria de Desenvolvimento Rural, Meio Ambiente e Recursos H\u00eddricos, ao lado da Caixa, na Avenida Dr. Ars\u00eanio Moreira. A prefeitura de Santana do Ipanema, por meio da Secretaria Municipal de Desenvolvimento Rural, Meio Ambiente e Recursos H\u00eddricos (Semdrumah), realiza nesta quarta-feira (15), a partir das&#8230;<\/p>\n","protected":false},"author":1,"featured_media":19310,"comment_status":"open","ping_status":"open","sticky":false,"template":"","format":"standard","meta":{"footnotes":""},"categories":[1],"tags":[5],"_links":{"self":[{"href":"http:\/\/www.muricionline.com.br\/novo\/index.php?rest_route=\/wp\/v2\/posts\/19309"}],"collection":[{"href":"http:\/\/www.muricionline.com.br\/novo\/index.php?rest_route=\/wp\/v2\/posts"}],"about":[{"href":"http:\/\/www.muricionline.com.br\/novo\/index.php?rest_route=\/wp\/v2\/types\/post"}],"author":[{"embeddable":true,"href":"http:\/\/www.muricionline.com.br\/novo\/index.php?rest_route=\/wp\/v2\/users\/1"}],"replies":[{"embeddable":true,"href":"http:\/\/www.muricionline.com.br\/novo\/index.php?rest_route=%2Fwp%2Fv2%2Fcomments&post=19309"}],"version-history":[{"count":1,"href":"http:\/\/www.muricionline.com.br\/novo\/index.php?rest_route=\/wp\/v2\/posts\/19309\/revisions"}],"predecessor-version":[{"id":19311,"href":"http:\/\/www.muricionline.com.br\/novo\/index.php?rest_route=\/wp\/v2\/posts\/19309\/revisions\/19311"}],"wp:featuredmedia":[{"embeddable":true,"href":"http:\/\/www.muricionline.com.br\/novo\/index.php?rest_route=\/wp\/v2\/media\/19310"}],"wp:attachment":[{"href":"http:\/\/www.muricionline.com.br\/novo\/index.php?rest_route=%2Fwp%2Fv2%2Fmedia&parent=19309"}],"wp:term":[{"taxonomy":"category","embeddable":true,"href":"http:\/\/www.muricionline.com.br\/novo\/index.php?rest_route=%2Fwp%2Fv2%2Fcategories&post=19309"},{"taxonomy":"post_tag","embeddable":true,"href":"http:\/\/www.muricionline.com.br\/novo\/index.php?rest_route=%2Fwp%2Fv2%2Ftags&post=19309"}],"curies":[{"name":"wp","href":"https:\/\/api.w.org\/{rel}","templated":true}]}}