{"id":19315,"date":"2023-02-15T06:30:49","date_gmt":"2023-02-15T09:30:49","guid":{"rendered":"http:\/\/www.muricionline.com.br\/novo\/?p=19315"},"modified":"2023-02-15T06:30:57","modified_gmt":"2023-02-15T09:30:57","slug":"prefeito-kil-anuncia-obra-de-pavimentacao-na-varzea-grande-em-uniao-dos-palmares","status":"publish","type":"post","link":"http:\/\/www.muricionline.com.br\/novo\/?p=19315","title":{"rendered":"Prefeito Kil anuncia obra de pavimenta\u00e7\u00e3o na V\u00e1rzea Grande, em Uni\u00e3o dos Palmares"},"content":{"rendered":"<p>O Prefeito Kil anunciou, atrav\u00e9s de suas redes sociais, mais uma grande obra em Uni\u00e3o dos Palmares: a pavimenta\u00e7\u00e3o do acesso da V\u00e1rzea Grande. A assinatura da obra de servi\u00e7o ser\u00e1 realizada nessa quarta-feira (15), \u00e0s 9h, na entrada do distrito.<\/p>\n<p>Essa \u00e9 mais uma da grande agenda de obras que foram anunciadas recentemente e beneficiar\u00e3o v\u00e1rios Palmarinos. Tivemos ordem de servi\u00e7o para novo est\u00e1dio de futebol, UBS do Santa Maria Madalena e Rocha Cavalcante; a extens\u00e3o da Pra\u00e7a da Luz; CRAS e Pra\u00e7a no Rocha Cavalcante.<\/p>\n<p>&#8220;Pessoal, amanh\u00e3, \u00e0s 9h, convido todos para prestigiarem mais uma conquista para Uni\u00e3o dos Palmares. Vamos assinar a pavimenta\u00e7\u00e3o do acesso da V\u00e1rzea Grande, ali pela entrada do distrito. Estou muito feliz em avan\u00e7ar nossa cidade cada vez mais a cada dia.\u201d, comentou o Prefeito Kil em postagem do Instagram.<\/p>\n<p>Com Assessoria&nbsp;<\/p>\n<span style=\"clear:both;display:none;\"><img src=\"http:\/\/www.muricionline.com.br\/novo\/wp-content\/plugins\/wp-spamfree\/img\/wpsf-img.php\" width=\"0\" height=\"0\" alt=\"\" style=\"border-style:none;width:0px;height:0px;display:none;\" \/><\/span>","protected":false},"excerpt":{"rendered":"<p>O Prefeito Kil anunciou, atrav\u00e9s de suas redes sociais, mais uma grande obra em Uni\u00e3o dos Palmares: a pavimenta\u00e7\u00e3o do acesso da V\u00e1rzea Grande. A assinatura da obra de servi\u00e7o ser\u00e1 realizada nessa quarta-feira (15), \u00e0s 9h, na entrada do distrito. Essa \u00e9 mais uma da grande agenda de obras que foram anunciadas recentemente e&#8230;<\/p>\n","protected":false},"author":1,"featured_media":19316,"comment_status":"open","ping_status":"open","sticky":false,"template":"","format":"standard","meta":{"footnotes":""},"categories":[1],"tags":[5],"_links":{"self":[{"href":"http:\/\/www.muricionline.com.br\/novo\/index.php?rest_route=\/wp\/v2\/posts\/19315"}],"collection":[{"href":"http:\/\/www.muricionline.com.br\/novo\/index.php?rest_route=\/wp\/v2\/posts"}],"about":[{"href":"http:\/\/www.muricionline.com.br\/novo\/index.php?rest_route=\/wp\/v2\/types\/post"}],"author":[{"embeddable":true,"href":"http:\/\/www.muricionline.com.br\/novo\/index.php?rest_route=\/wp\/v2\/users\/1"}],"replies":[{"embeddable":true,"href":"http:\/\/www.muricionline.com.br\/novo\/index.php?rest_route=%2Fwp%2Fv2%2Fcomments&post=19315"}],"version-history":[{"count":1,"href":"http:\/\/www.muricionline.com.br\/novo\/index.php?rest_route=\/wp\/v2\/posts\/19315\/revisions"}],"predecessor-version":[{"id":19317,"href":"http:\/\/www.muricionline.com.br\/novo\/index.php?rest_route=\/wp\/v2\/posts\/19315\/revisions\/19317"}],"wp:featuredmedia":[{"embeddable":true,"href":"http:\/\/www.muricionline.com.br\/novo\/index.php?rest_route=\/wp\/v2\/media\/19316"}],"wp:attachment":[{"href":"http:\/\/www.muricionline.com.br\/novo\/index.php?rest_route=%2Fwp%2Fv2%2Fmedia&parent=19315"}],"wp:term":[{"taxonomy":"category","embeddable":true,"href":"http:\/\/www.muricionline.com.br\/novo\/index.php?rest_route=%2Fwp%2Fv2%2Fcategories&post=19315"},{"taxonomy":"post_tag","embeddable":true,"href":"http:\/\/www.muricionline.com.br\/novo\/index.php?rest_route=%2Fwp%2Fv2%2Ftags&post=19315"}],"curies":[{"name":"wp","href":"https:\/\/api.w.org\/{rel}","templated":true}]}}