{"id":19321,"date":"2023-02-15T06:37:57","date_gmt":"2023-02-15T09:37:57","guid":{"rendered":"http:\/\/www.muricionline.com.br\/novo\/?p=19321"},"modified":"2023-02-15T06:37:57","modified_gmt":"2023-02-15T09:37:57","slug":"assembleia-abre-na-quarta-feira-os-trabalhos-do-ano-legislativo","status":"publish","type":"post","link":"http:\/\/www.muricionline.com.br\/novo\/?p=19321","title":{"rendered":"Assembleia abre, na quarta-feira, os trabalhos do ano legislativo"},"content":{"rendered":"<p>A Assembleia Legislativa de Alagoas abre na pr\u00f3xima quarta-feira, 15, os trabalhos legislativos da 20\u00aa legislatura. A sess\u00e3o de instala\u00e7\u00e3o marca o in\u00edcio do ano legislativo de 2023. Na ocasi\u00e3o, como preceitua a Constitui\u00e7\u00e3o Estadual, o governador do Estado, Paulo Dantas, vir\u00e1 ao Parlamento para apresentar o plano e as metas do Governo para este ano. Os trabalhos ser\u00e3o conduzidos pelo presidente do Poder, deputado Marcelo Victor. A cerim\u00f4nia est\u00e1 marcada para as 14 horas, no plen\u00e1rio do Parlamento.<\/p>\n<p>No \u00faltimo dia 1\u00ba de fevereiro o Legislativo deu posse aos 27 parlamentares que comp\u00f5em a 20\u00aa legislatura e elegeu a nova Mesa Diretora, que ir\u00e1 comandar o Poder pelos pr\u00f3ximos dois anos. Em elei\u00e7\u00e3o isolada, o deputado Marcelo Victor recebeu o apoio da totalidade dos deputados para presidir o Parlamento no pr\u00f3ximo bi\u00eanio. Tamb\u00e9m foram eleitos, por unanimidade, para os demais cargos, os deputados:<br \/>\nBruno Toledo (MDB) &#8211;&nbsp;1\u00ba Vice-Presidente<br \/>\nGilvan Barros Filho (MDB) &#8211;&nbsp;2\u00ba Vice- Presidente<br \/>\nFl\u00e1via Cavalcante (MDB) &#8211;&nbsp;3\u00aa Vice- Presidente<br \/>\nFrancisco Ten\u00f3rio (PP) &#8211;&nbsp;1\u00b0 Secret\u00e1rio<br \/>\nRicardo Nezinho (MDB) &#8211;&nbsp;2\u00b0 Secret\u00e1rio<br \/>\nMarcos Barbosa (Avante) &#8211;&nbsp;3\u00b0 Secret\u00e1rio:&nbsp;<br \/>\nCarla Dantas (MDB) &#8211;&nbsp;4\u00aa Secret\u00e1rio:&nbsp;<br \/>\nSilvio Camelo (PV) &#8211;&nbsp;1\u00ba Suplente:&nbsp;<br \/>\nDudu Ronalsa (MDB) &#8211;&nbsp;2\u00ba Suplente<\/p>\n<p>Com Assessoria&nbsp;<\/p>\n<span style=\"clear:both;display:none;\"><img src=\"http:\/\/www.muricionline.com.br\/novo\/wp-content\/plugins\/wp-spamfree\/img\/wpsf-img.php\" width=\"0\" height=\"0\" alt=\"\" style=\"border-style:none;width:0px;height:0px;display:none;\" \/><\/span>","protected":false},"excerpt":{"rendered":"<p>A Assembleia Legislativa de Alagoas abre na pr\u00f3xima quarta-feira, 15, os trabalhos legislativos da 20\u00aa legislatura. A sess\u00e3o de instala\u00e7\u00e3o marca o in\u00edcio do ano legislativo de 2023. Na ocasi\u00e3o, como preceitua a Constitui\u00e7\u00e3o Estadual, o governador do Estado, Paulo Dantas, vir\u00e1 ao Parlamento para apresentar o plano e as metas do Governo para este&#8230;<\/p>\n","protected":false},"author":1,"featured_media":19322,"comment_status":"open","ping_status":"open","sticky":false,"template":"","format":"standard","meta":{"footnotes":""},"categories":[1],"tags":[5],"_links":{"self":[{"href":"http:\/\/www.muricionline.com.br\/novo\/index.php?rest_route=\/wp\/v2\/posts\/19321"}],"collection":[{"href":"http:\/\/www.muricionline.com.br\/novo\/index.php?rest_route=\/wp\/v2\/posts"}],"about":[{"href":"http:\/\/www.muricionline.com.br\/novo\/index.php?rest_route=\/wp\/v2\/types\/post"}],"author":[{"embeddable":true,"href":"http:\/\/www.muricionline.com.br\/novo\/index.php?rest_route=\/wp\/v2\/users\/1"}],"replies":[{"embeddable":true,"href":"http:\/\/www.muricionline.com.br\/novo\/index.php?rest_route=%2Fwp%2Fv2%2Fcomments&post=19321"}],"version-history":[{"count":1,"href":"http:\/\/www.muricionline.com.br\/novo\/index.php?rest_route=\/wp\/v2\/posts\/19321\/revisions"}],"predecessor-version":[{"id":19323,"href":"http:\/\/www.muricionline.com.br\/novo\/index.php?rest_route=\/wp\/v2\/posts\/19321\/revisions\/19323"}],"wp:featuredmedia":[{"embeddable":true,"href":"http:\/\/www.muricionline.com.br\/novo\/index.php?rest_route=\/wp\/v2\/media\/19322"}],"wp:attachment":[{"href":"http:\/\/www.muricionline.com.br\/novo\/index.php?rest_route=%2Fwp%2Fv2%2Fmedia&parent=19321"}],"wp:term":[{"taxonomy":"category","embeddable":true,"href":"http:\/\/www.muricionline.com.br\/novo\/index.php?rest_route=%2Fwp%2Fv2%2Fcategories&post=19321"},{"taxonomy":"post_tag","embeddable":true,"href":"http:\/\/www.muricionline.com.br\/novo\/index.php?rest_route=%2Fwp%2Fv2%2Ftags&post=19321"}],"curies":[{"name":"wp","href":"https:\/\/api.w.org\/{rel}","templated":true}]}}