{"id":19324,"date":"2023-02-15T08:14:32","date_gmt":"2023-02-15T11:14:32","guid":{"rendered":"http:\/\/www.muricionline.com.br\/novo\/?p=19324"},"modified":"2023-02-15T08:14:32","modified_gmt":"2023-02-15T11:14:32","slug":"escolas-da-rede-municipal-de-santana-do-mundau-iniciam-ano-letivo-2023","status":"publish","type":"post","link":"http:\/\/www.muricionline.com.br\/novo\/?p=19324","title":{"rendered":"Escolas da rede municipal de Santana do Munda\u00fa iniciam ano letivo 2023"},"content":{"rendered":"<p>A rede municipal de Santana do Munda\u00fa, iniciou, nesta ter\u00e7a-feira (14), as atividades pedag\u00f3gicas referentes ao ano letivo de 2023. A recep\u00e7\u00e3o foi marcada por muita alegria e descontra\u00e7\u00e3o, onde durante todo o dia, personagens infantis, brincadeiras, din\u00e2micas e at\u00e9 folia do Carnaval, fizeram parte da programa\u00e7\u00e3o de acolhimento aos estudantes.<\/p>\n<p>\u201cO retorno das atividades escolares \u00e9 um momento de muita alegria e expectativa para todos n\u00f3s. E em 2023, nosso foco \u00e9 dar continuidade a todas as estrat\u00e9gias bem sucedidas j\u00e1 implantadas na gest\u00e3o do prefeito Arthur Freitas, al\u00e9m de continuar investindo de forma permanente na valoriza\u00e7\u00e3o dos profissionais e no refor\u00e7o aos projetos pedag\u00f3gicos. Estamos extremamente focados em manter os \u00edndices educacionais e a oferta do ensino de qualidade que t\u00eam nos garantido excelentes resultados a n\u00edvel estadual e nacional\u201d, disse o secret\u00e1rio de educa\u00e7\u00e3o, Andr\u00e9 Castro.<\/p>\n<p>&nbsp;<\/p>\n<p>Com Assessoria&nbsp;<\/p>\n<span style=\"clear:both;display:none;\"><img src=\"http:\/\/www.muricionline.com.br\/novo\/wp-content\/plugins\/wp-spamfree\/img\/wpsf-img.php\" width=\"0\" height=\"0\" alt=\"\" style=\"border-style:none;width:0px;height:0px;display:none;\" \/><\/span>","protected":false},"excerpt":{"rendered":"<p>A rede municipal de Santana do Munda\u00fa, iniciou, nesta ter\u00e7a-feira (14), as atividades pedag\u00f3gicas referentes ao ano letivo de 2023. A recep\u00e7\u00e3o foi marcada por muita alegria e descontra\u00e7\u00e3o, onde durante todo o dia, personagens infantis, brincadeiras, din\u00e2micas e at\u00e9 folia do Carnaval, fizeram parte da programa\u00e7\u00e3o de acolhimento aos estudantes. \u201cO retorno das atividades&#8230;<\/p>\n","protected":false},"author":1,"featured_media":19325,"comment_status":"open","ping_status":"open","sticky":false,"template":"","format":"standard","meta":{"footnotes":""},"categories":[1],"tags":[5],"_links":{"self":[{"href":"http:\/\/www.muricionline.com.br\/novo\/index.php?rest_route=\/wp\/v2\/posts\/19324"}],"collection":[{"href":"http:\/\/www.muricionline.com.br\/novo\/index.php?rest_route=\/wp\/v2\/posts"}],"about":[{"href":"http:\/\/www.muricionline.com.br\/novo\/index.php?rest_route=\/wp\/v2\/types\/post"}],"author":[{"embeddable":true,"href":"http:\/\/www.muricionline.com.br\/novo\/index.php?rest_route=\/wp\/v2\/users\/1"}],"replies":[{"embeddable":true,"href":"http:\/\/www.muricionline.com.br\/novo\/index.php?rest_route=%2Fwp%2Fv2%2Fcomments&post=19324"}],"version-history":[{"count":1,"href":"http:\/\/www.muricionline.com.br\/novo\/index.php?rest_route=\/wp\/v2\/posts\/19324\/revisions"}],"predecessor-version":[{"id":19326,"href":"http:\/\/www.muricionline.com.br\/novo\/index.php?rest_route=\/wp\/v2\/posts\/19324\/revisions\/19326"}],"wp:featuredmedia":[{"embeddable":true,"href":"http:\/\/www.muricionline.com.br\/novo\/index.php?rest_route=\/wp\/v2\/media\/19325"}],"wp:attachment":[{"href":"http:\/\/www.muricionline.com.br\/novo\/index.php?rest_route=%2Fwp%2Fv2%2Fmedia&parent=19324"}],"wp:term":[{"taxonomy":"category","embeddable":true,"href":"http:\/\/www.muricionline.com.br\/novo\/index.php?rest_route=%2Fwp%2Fv2%2Fcategories&post=19324"},{"taxonomy":"post_tag","embeddable":true,"href":"http:\/\/www.muricionline.com.br\/novo\/index.php?rest_route=%2Fwp%2Fv2%2Ftags&post=19324"}],"curies":[{"name":"wp","href":"https:\/\/api.w.org\/{rel}","templated":true}]}}