{"id":19444,"date":"2023-02-27T20:30:15","date_gmt":"2023-02-27T23:30:15","guid":{"rendered":"http:\/\/www.muricionline.com.br\/novo\/?p=19444"},"modified":"2023-02-27T20:30:15","modified_gmt":"2023-02-27T23:30:15","slug":"uncisal-recebe-maior-reforma-da-sua-historia-nos-55-anos-da-instituicao","status":"publish","type":"post","link":"http:\/\/www.muricionline.com.br\/novo\/?p=19444","title":{"rendered":"Uncisal recebe maior reforma da sua hist\u00f3ria nos 55 anos da institui\u00e7\u00e3o"},"content":{"rendered":"<p>O governador Paulo Dantas inaugurou, na manh\u00e3 desta segunda-feira (27), as obras de reforma e manuten\u00e7\u00e3o predial da sede da Universidade de Ci\u00eancias da Sa\u00fade do Estado de Alagoas (Uncisal), ano em que se comemora 55 anos de funda\u00e7\u00e3o da institui\u00e7\u00e3o. &#8220;Queremos parabenizar toda a equipe da Uncisal que conduziu essa reforma com muita efici\u00eancia e seriedade, para que se possa cada vez mais formar profissionais qualificados da \u00e1rea de sa\u00fade&#8221;, ressaltou o governador, que antes da solenidade de inaugura\u00e7\u00e3o no audit\u00f3rio da institui\u00e7\u00e3o fez uma visita ao novo pr\u00e9dio da Uncisal.<\/p>\n<p>&nbsp;<img decoding=\"async\" src=\"http:\/\/alagoas.al.gov.br\/imagens\/conteudos\/8d84041dade7c6b2dd89783d16505193\/\/27022023%20Reforma%20Uncisal%20(PF)%20-50.jpg\"><\/p>\n<p>O hist\u00f3rico pr\u00e9dio, que recebeu a primeira turma&nbsp; de Medicina, que este ano comemora 50 anos de formatura, passou por mudan\u00e7as significativas em ambientes essenciais da institui\u00e7\u00e3o. &#8220;Foram investidos R$ 8 milh\u00f5es do tesouro estadual, alocados pela&nbsp; Secretaria de Estado da Educa\u00e7\u00e3o&#8221;, lembrou o governador, acrescentando que o Estado vai executar os projetos de constru\u00e7\u00e3o de mais tr\u00eas UPAs em Rio Largo, Marechal Deodoro e Coruripe e mais tr\u00eas hospitais em Macei\u00f3, Arapiraca e Palmeiras dos \u00cdndios, que v\u00e3o gerar uma demanda de mais 7 mil profissionais da \u00e1rea de sa\u00fade. &#8220;A Uncisal ser\u00e1 de fundamental import\u00e2ncia para forma\u00e7\u00e3o desses profissionais&#8221;, completou o governador.<\/p>\n<p><img decoding=\"async\" src=\"http:\/\/alagoas.al.gov.br\/imagens\/conteudos\/8d84041dade7c6b2dd89783d16505193\/\/27022023%20Reforma%20Uncisal%20(PF)%20-39.jpg\"><\/p>\n<p>A maior reforma&nbsp;da hist\u00f3ria da institui\u00e7\u00e3o&nbsp;foi iniciada em 2022 e contemplou a amplia\u00e7\u00e3o do estacionamento para 70 vagas, seis salas de aula, reforma do laborat\u00f3rio de anatomia, um novo refeit\u00f3rio cria\u00e7\u00e3o de \u00e1reas verdes e espa\u00e7os de conviv\u00eancia, constru\u00e7\u00e3o de um novo biot\u00e9rio,&nbsp;nova recep\u00e7\u00e3o com catracas de controle de acesso e&nbsp;videomonitoramento. O vice-governador Ronaldo Lessa destacou a import\u00e2ncia da Uncisal, criada quando foi governador do Estado, que tinha apenas o curso de Medicina e hoje tem 12 cursos na \u00e1rea de sa\u00fade. &#8220;Quantos profissionais essa institui\u00e7\u00e3o j\u00e1 formou n\u00e3o s\u00f3 para Alagoas, mas para outros estados do Brasil &#8220;, lembrou Lessa.<\/p>\n<p>O reitor da Uncisal, Henrique Costa, informou que a universidade tem hoje matriculados 2.300 alunos de cursos presenciais e 1.500 \u00e0 dist\u00e2ncia, em 12 cursos, sendo 5 de bacharelado e 7 de tecn\u00f3logo e licenciatura. &#8220;A mudan\u00e7a da Uncisal com essa reforma \u00e9 gritante&#8221;, exaltou Henrique. &nbsp;Foi o melhor presente que poder\u00edamos receber nos 55 anos da institui\u00e7\u00e3o. A Uncisal tinha um pr\u00e9dio antigo que precisava de muitas melhorias. Com essa reforma vamos n\u00e3o s\u00f3 melhorar o conforto de nossos estudantes, professores e servidores, mas vamos melhorar ainda mais a qualifica\u00e7\u00e3o de nossos acad\u00eamico&#8221;, destacou o reitor. Formado em medicina pela Uncisal, o reitor espera que a universidade abra cada vez mais portas para transforma\u00e7\u00e3o social e dar oportunidade de forma\u00e7\u00e3o a pessoas que, como ele, n\u00e3o teriam condi\u00e7\u00f5es de cursar uma faculdade particular.<\/p>\n<p><b>Pintura, novo mobili\u00e1rio e multim\u00eddia<\/b><\/p>\n<p>A transforma\u00e7\u00e3o tamb\u00e9m chegou no miniaudit\u00f3rio e nas salas de aulas que ganharam pintura, climatiza\u00e7\u00e3o novo mobili\u00e1rio e aparelhos de multim\u00eddia. Para os alunos, outro ganho importante foi o novo espa\u00e7o para o Movimento Estudantil, com uma nova estrutura para que as gest\u00f5es dos Diret\u00f3rios e Centros Acad\u00eamicos conduzam suas a\u00e7\u00f5es com muito mais conforto. &#8220;Estivemos conversando com os estudantes destacando a import\u00e2ncia dessa parceria entre estudantes e a Reitoria para buscar sempre o melhor para a universidade&#8221;, disse o governador ao fazer a visita ao espa\u00e7o dos Centros Acad\u00eamicos. Ainda no pr\u00e9dio-sede, a inspetoria universit\u00e1ria passou por readequa\u00e7\u00e3o com a reforma, assim como as salas das coordena\u00e7\u00f5es e centros.<\/p>\n<p><img decoding=\"async\" src=\"http:\/\/alagoas.al.gov.br\/imagens\/conteudos\/8d84041dade7c6b2dd89783d16505193\/\/27022023%20Reforma%20Uncisal%20(PF)%20-03.jpg\"><\/p>\n<p>O projeto de reforma e constru\u00e7\u00e3o da Uncisal beneficiou, ainda, novos&nbsp; laborat\u00f3rios de \u00f3rtese e pr\u00f3tese, laborat\u00f3rio de cinesiologia e terapia ocupacional, al\u00e9m dos laborat\u00f3rios multiusu\u00e1rios e de microscopia, promovendo avan\u00e7os no ensino e na pesquisa. Localizada no terceiro andar do pr\u00e9dio, a parte administrativa, respons\u00e1vel por abrigar a Reitoria, pr\u00f3-reitorias, assessorias t\u00e9cnicas e toda a parte administrativa, tamb\u00e9m passou por uma transforma\u00e7\u00e3o importante, incluindo a aquisi\u00e7\u00e3o de novos mobili\u00e1rios e equipamentos para todos os departamentos. Mas n\u00e3o foi apenas o pr\u00e9dio-sede da Uncisal que ganhou mudan\u00e7as na sua parte estrutural. A Reitoria da Uncisal tamb\u00e9m contemplou as unidades assistenciais da Uncisal com projetos de reforma e constru\u00e7\u00e3o.<\/p>\n<p>O Hospital Escola Dr. H\u00e9lvio Auto, refer\u00eancia em doen\u00e7as infectocontagiosas em Alagoas, ganhou um novo Setor de Nutri\u00e7\u00e3o e Diet\u00e9tica, uma solicita\u00e7\u00e3o antiga dos profissionais da unidade. Outra obra importante no H\u00e9lvio Auto foi a nova Unidade de Terapia Intensiva (UTI) com press\u00e3o negativa de Alagoas, sendo a primeira em Alagoas com este diferencial. O hospital tamb\u00e9m teve recuperado o Servi\u00e7o de Atendimento Especializado (SAE), um setor de grande import\u00e2ncia para a sa\u00fade p\u00fablica em Alagoas por atender pacientes com Aids, hepatites e outras doen\u00e7as infectocontagiosas.<\/p>\n<p><img decoding=\"async\" src=\"http:\/\/alagoas.al.gov.br\/imagens\/conteudos\/8d84041dade7c6b2dd89783d16505193\/\/27022023%20Reforma%20Uncisal%20(PF)%20-24.jpg\"><\/p>\n<p>O Centro Especializado em Reabilita\u00e7\u00e3o (CER III) da Uncisal, depois de anos de espera, deu in\u00edcio \u00e0 sua reforma. O local atende pacientes com atendimento de fonoaudi\u00f3logos, terapeutas ocupacionais e fisioterapia e \u00e9 respons\u00e1vel pelo fornecimento de aparelhos auditivos e cadeiras de roda. A Escola T\u00e9cnica de Sa\u00fade professora Val\u00e9ria Hora, tamb\u00e9m unidade da Uncisal com a realiza\u00e7\u00e3o de cursos t\u00e9cnicos, localizada no Centro de Macei\u00f3, passou por ampla reforma e passou a dividir o espa\u00e7o local com&nbsp;o Ambulat\u00f3rio de Especialidades (Ambesp). O pr\u00e9dio ir\u00e1 abrigar os cursos de p\u00f3s-gradua\u00e7\u00e3o da Uncisal (Mestrado e&nbsp; Doutorado). Esta conquista \u00e9 de grande import\u00e2ncia para a Uncisal, que ganhar\u00e1 um novo e moderno campus.<\/p>\n<p>O Cefire &#8211; centro especializado em medicina esportiva (anexo ao est\u00e1dio Rei Pel\u00e9) tamb\u00e9m passou por reforma, assim como o Caps Casa Verde, que ganhou nova casa no bairro da Pitanguinha e presta um trabalho importante para pacientes na \u00e1rea da sa\u00fade mental. O edif\u00edcio ganhou ainda um novo Almoxarifado e um galp\u00e3o rec\u00e9m-constru\u00eddo.&nbsp;<\/p>\n<p><img decoding=\"async\" src=\"http:\/\/alagoas.al.gov.br\/imagens\/conteudos\/8d84041dade7c6b2dd89783d16505193\/\/27022023%20Reforma%20Uncisal%20(PF)%20-27.jpg\"><\/p>\n<p>&nbsp;<\/p>\n<p>Professores, alunos e servidores prestigiaram a inaugura\u00e7\u00e3o da reforma da Uncisal, al\u00e9m de secret\u00e1rios e os deputados estaduais Silvio Camelo e Jos\u00e9 Wanderley e o deputado federal Rafael Brito, que iniciou enquanto secret\u00e1rio de Estado de Educa\u00e7\u00e3o a articula\u00e7\u00e3o para reforma da Uncisal. &nbsp;<\/p>\n<p>Com Ag\u00eancia Alagoas&nbsp;<\/p>\n<span style=\"clear:both;display:none;\"><img src=\"http:\/\/www.muricionline.com.br\/novo\/wp-content\/plugins\/wp-spamfree\/img\/wpsf-img.php\" width=\"0\" height=\"0\" alt=\"\" style=\"border-style:none;width:0px;height:0px;display:none;\" \/><\/span>","protected":false},"excerpt":{"rendered":"<p>O governador Paulo Dantas inaugurou, na manh\u00e3 desta segunda-feira (27), as obras de reforma e manuten\u00e7\u00e3o predial da sede da Universidade de Ci\u00eancias da Sa\u00fade do Estado de Alagoas (Uncisal), ano em que se comemora 55 anos de funda\u00e7\u00e3o da institui\u00e7\u00e3o. &#8220;Queremos parabenizar toda a equipe da Uncisal que conduziu essa reforma com muita efici\u00eancia&#8230;<\/p>\n","protected":false},"author":1,"featured_media":19445,"comment_status":"open","ping_status":"open","sticky":false,"template":"","format":"standard","meta":{"footnotes":""},"categories":[7,1],"tags":[5],"_links":{"self":[{"href":"http:\/\/www.muricionline.com.br\/novo\/index.php?rest_route=\/wp\/v2\/posts\/19444"}],"collection":[{"href":"http:\/\/www.muricionline.com.br\/novo\/index.php?rest_route=\/wp\/v2\/posts"}],"about":[{"href":"http:\/\/www.muricionline.com.br\/novo\/index.php?rest_route=\/wp\/v2\/types\/post"}],"author":[{"embeddable":true,"href":"http:\/\/www.muricionline.com.br\/novo\/index.php?rest_route=\/wp\/v2\/users\/1"}],"replies":[{"embeddable":true,"href":"http:\/\/www.muricionline.com.br\/novo\/index.php?rest_route=%2Fwp%2Fv2%2Fcomments&post=19444"}],"version-history":[{"count":1,"href":"http:\/\/www.muricionline.com.br\/novo\/index.php?rest_route=\/wp\/v2\/posts\/19444\/revisions"}],"predecessor-version":[{"id":19446,"href":"http:\/\/www.muricionline.com.br\/novo\/index.php?rest_route=\/wp\/v2\/posts\/19444\/revisions\/19446"}],"wp:featuredmedia":[{"embeddable":true,"href":"http:\/\/www.muricionline.com.br\/novo\/index.php?rest_route=\/wp\/v2\/media\/19445"}],"wp:attachment":[{"href":"http:\/\/www.muricionline.com.br\/novo\/index.php?rest_route=%2Fwp%2Fv2%2Fmedia&parent=19444"}],"wp:term":[{"taxonomy":"category","embeddable":true,"href":"http:\/\/www.muricionline.com.br\/novo\/index.php?rest_route=%2Fwp%2Fv2%2Fcategories&post=19444"},{"taxonomy":"post_tag","embeddable":true,"href":"http:\/\/www.muricionline.com.br\/novo\/index.php?rest_route=%2Fwp%2Fv2%2Ftags&post=19444"}],"curies":[{"name":"wp","href":"https:\/\/api.w.org\/{rel}","templated":true}]}}