{"id":19451,"date":"2023-02-28T07:25:39","date_gmt":"2023-02-28T10:25:39","guid":{"rendered":"http:\/\/www.muricionline.com.br\/novo\/?p=19451"},"modified":"2023-02-28T07:25:39","modified_gmt":"2023-02-28T10:25:39","slug":"alagoas-esta-entre-os-dez-estados-com-mais-matriculas-no-ensino-integral","status":"publish","type":"post","link":"http:\/\/www.muricionline.com.br\/novo\/?p=19451","title":{"rendered":"Alagoas est\u00e1 entre os dez estados com mais matr\u00edculas no ensino integral"},"content":{"rendered":"<div id=\"chunk-29uu0\">\n<div class=\"mc-column content-text active-extra-styles active-capital-letter\" data-block-type=\"unstyled\" data-block-weight=\"47\" data-block-id=\"2\">\n<p class=\"content-text__container theme-color-primary-first-letter\" data-track-category=\"Link no Texto\" data-track-links=\"\">Alagoas est\u00e1 entre os dez estados com maior propor\u00e7\u00e3o de alunos da rede p\u00fablica matriculados no ensino integral. Os dados foram divulgados na manh\u00e3 desta quarta-feira (08), durante coletiva de imprensa do Minist\u00e9rio da Educa\u00e7\u00e3o (MEC) para socializa\u00e7\u00e3o dos resultados da primeira etapa do Censo Escolar 2022.<\/p>\n<\/div>\n<\/div>\n<div class=\"wall protected-content\">\n<div id=\"chunk-fs86o\">\n<div class=\"mc-column\" data-block-type=\"ads\" data-block-id=\"3\">\n<div id=\"content-ads-banner_materia1\" class=\"content-ads content-ads--regular content-ads--smart-size\">\n<div id=\"banner_materia1\" class=\"tag-manager-publicidade-container mc-has-ad-lazyload tag-manager-publicidade-banner_materia1 tag-manager-publicidade-container--carregado tag-manager-publicidade-container--visivel\" data-id=\"banner_materia1\" data-google-query-id=\"CPLT8N7_t_0CFROClQIdFfwGuw\">\n<div id=\"chunk-cgoh\">\n<div class=\"mc-column content-text active-extra-styles \" data-block-type=\"unstyled\" data-block-weight=\"53\" data-block-id=\"4\">\n<p class=\"content-text__container \" data-track-category=\"Link no Texto\" data-track-links=\"\">Durante a apresenta\u00e7\u00e3o, conduzida pelo ministro Camilo Santana, foi informado que, em 2022, houve aumento nas matr\u00edculas do ensino integral nas creches e escolas de ensino fundamental e m\u00e9dio da rede p\u00fablica em todo o pa\u00eds. S\u00f3 no ensino m\u00e9dio, segundo o MEC, o crescimento foi de quase 10% nos \u00faltimos cinco anos.<\/p>\n<\/div>\n<\/div>\n<div id=\"chunk-cr1cs\">\n<div class=\"row medium-uncollapsed content-media content-photo\" data-block-type=\"backstage-photo\" data-block-id=\"5\">\n<div class=\"mc-column content-media__container\">\n<div class=\"content-media-container glb-skeleton-box\">\n<figure class=\"content-media-figure\"><img decoding=\"async\" class=\"i-amphtml-fill-content i-amphtml-replaced-content\" src=\"https:\/\/s2.glbimg.com\/s1rM31ghfsvbyltpBqhvEYXAAMA=\/0x0:1200x765\/984x0\/smart\/filters:strip_icc()\/i.s3.glbimg.com\/v1\/AUTH_59edd422c0c84a879bd37670ae4f538a\/internal_photos\/bs\/2023\/N\/L\/u4HAh7Rpyd8fPvtEdXPw\/1200x765.png\" sizes=\"(max-width: 428px) 380px, 100vw\" srcset=\"https:\/\/s2.glbimg.com\/Xy4dRJwy8w16VtoWp0zJIrVSFnc=\/0x0:1200x765\/1000x0\/smart\/filters:strip_icc()\/i.s3.glbimg.com\/v1\/AUTH_59edd422c0c84a879bd37670ae4f538a\/internal_photos\/bs\/2023\/N\/L\/u4HAh7Rpyd8fPvtEdXPw\/1200x765.png 1000w, https:\/\/s2.glbimg.com\/s1rM31ghfsvbyltpBqhvEYXAAMA=\/0x0:1200x765\/984x0\/smart\/filters:strip_icc()\/i.s3.glbimg.com\/v1\/AUTH_59edd422c0c84a879bd37670ae4f538a\/internal_photos\/bs\/2023\/N\/L\/u4HAh7Rpyd8fPvtEdXPw\/1200x765.png 984w, https:\/\/s2.glbimg.com\/2LOUf0oVvINO7KGBqV3CJubn_eI=\/0x0:1200x765\/640x0\/smart\/filters:strip_icc()\/i.s3.glbimg.com\/v1\/AUTH_59edd422c0c84a879bd37670ae4f538a\/internal_photos\/bs\/2023\/N\/L\/u4HAh7Rpyd8fPvtEdXPw\/1200x765.png 640w, https:\/\/s2.glbimg.com\/NCgSYKxadLonoUNo7Gz_oM0NOgc=\/0x0:1200x765\/600x0\/smart\/filters:strip_icc()\/i.s3.glbimg.com\/v1\/AUTH_59edd422c0c84a879bd37670ae4f538a\/internal_photos\/bs\/2023\/N\/L\/u4HAh7Rpyd8fPvtEdXPw\/1200x765.png 600w\" alt=\"Juntos Por Uma Alagoas de Todos \u2014 Foto: Neno Canuto \/ Ag\u00eancia Alagoas \"><\/figure>\n<\/div>\n<\/div>\n<\/div>\n<\/div>\n<div id=\"chunk-75hrf\">\n<div class=\"mc-column content-text active-extra-styles \" data-block-type=\"unstyled\" data-block-weight=\"84\" data-block-id=\"6\">\n<p class=\"content-text__container \" data-track-category=\"Link no Texto\" data-track-links=\"\">Em rela\u00e7\u00e3o a Alagoas, dados da coletiva mostram que o Estado figura entre as dez unidades da Federa\u00e7\u00e3o com maior propor\u00e7\u00e3o de estudantes da rede p\u00fablica inseridos nessa modalidade. &#8220;Os n\u00fameros s\u00f3 refor\u00e7am a preocupa\u00e7\u00e3o do Governo de Alagoas em prestar um servi\u00e7o de qualidade. Tudo isso passa, entre outras coisas, pela permanente valoriza\u00e7\u00e3o do servidor. Este \u00e9 o nosso compromisso: proporcionar, por meio da educa\u00e7\u00e3o, um futuro de muitas oportunidades para os nossos jovens&#8221;, avalia o secret\u00e1rio de Estado da Educa\u00e7\u00e3o, Marcius Beltr\u00e3o.<\/p>\n<\/div>\n<\/div>\n<div id=\"chunk-ennms\">\n<div class=\"mc-column content-text active-extra-styles \" data-block-type=\"unstyled\" data-block-weight=\"41\" data-block-id=\"8\">\n<p class=\"content-text__container \" data-track-category=\"Link no Texto\" data-track-links=\"\">Amplia\u00e7\u00e3o- Esses dados, inclusive, tendem a crescer este ano. No ano letivo de 2023, a Secretaria de Estado da Educa\u00e7\u00e3o (Seduc) vai expandir o ensino integral para mais dez unidades. Ao todo, ser\u00e3o 116 escolas ofertando esta modalidade na rede estadual.<\/p>\n<\/div>\n<\/div>\n<div id=\"chunk-bkqmr\">\n<div class=\"row medium-uncollapsed content-media content-photo\" data-block-type=\"backstage-photo\" data-block-id=\"9\">\n<div class=\"mc-column content-media__container\">\n<div class=\"content-media-container glb-skeleton-box\">\n<figure class=\"content-media-figure\"><img decoding=\"async\" class=\"i-amphtml-fill-content i-amphtml-replaced-content\" src=\"https:\/\/s2.glbimg.com\/x8j0eLLZBIDMG3-hXGmjxNVlHes=\/0x0:1600x900\/984x0\/smart\/filters:strip_icc()\/i.s3.glbimg.com\/v1\/AUTH_59edd422c0c84a879bd37670ae4f538a\/internal_photos\/bs\/2023\/B\/w\/xlOeloT0K1cBXIKtGAIg\/1600x900.png\" sizes=\"(max-width: 428px) 380px, 100vw\" srcset=\"https:\/\/s2.glbimg.com\/llQzzwwLc_5DyDiPUM35W3VMvSg=\/0x0:1600x900\/1000x0\/smart\/filters:strip_icc()\/i.s3.glbimg.com\/v1\/AUTH_59edd422c0c84a879bd37670ae4f538a\/internal_photos\/bs\/2023\/B\/w\/xlOeloT0K1cBXIKtGAIg\/1600x900.png 1000w, https:\/\/s2.glbimg.com\/x8j0eLLZBIDMG3-hXGmjxNVlHes=\/0x0:1600x900\/984x0\/smart\/filters:strip_icc()\/i.s3.glbimg.com\/v1\/AUTH_59edd422c0c84a879bd37670ae4f538a\/internal_photos\/bs\/2023\/B\/w\/xlOeloT0K1cBXIKtGAIg\/1600x900.png 984w, https:\/\/s2.glbimg.com\/iX5az_mwLXddxsyA4kgoUJW4sGU=\/0x0:1600x900\/640x0\/smart\/filters:strip_icc()\/i.s3.glbimg.com\/v1\/AUTH_59edd422c0c84a879bd37670ae4f538a\/internal_photos\/bs\/2023\/B\/w\/xlOeloT0K1cBXIKtGAIg\/1600x900.png 640w, https:\/\/s2.glbimg.com\/KFwiq9uwIHasd5qTsprR30qVFZw=\/0x0:1600x900\/600x0\/smart\/filters:strip_icc()\/i.s3.glbimg.com\/v1\/AUTH_59edd422c0c84a879bd37670ae4f538a\/internal_photos\/bs\/2023\/B\/w\/xlOeloT0K1cBXIKtGAIg\/1600x900.png 600w\" alt=\"Juntos Por Uma Alagoas de Todos \u2014 Foto: Neno Canuto \/ Ag\u00eancia Alagoas \"><\/figure>\n<\/div>\n<\/div>\n<\/div>\n<\/div>\n<div id=\"chunk-c9bso\">\n<div class=\"mc-column content-text active-extra-styles \" data-block-type=\"unstyled\" data-block-weight=\"65\" data-block-id=\"10\">\n<p class=\"content-text__container \" data-track-category=\"Link no Texto\" data-track-links=\"\">Em 2023, passam a ser de ensino integral as escolas estaduais Cincinato Pinto (Macei\u00f3), Maria Li\u00e9ge de Albuquerque Tavares (Junqueiro), Luiz Duarte (Estrela de Alagoas), Sidr\u00f4nio Augusto de Santa Maria (Santa Luzia do Norte), Major Luiz Cavalcante (Jacu\u00edpe), Rosa de Castro Fonseca (Tanque D&#8217;Arca), Pedro Nepomuceno dos Santos (Delmiro Gouveia), Riacho Grande (Senador Rui Palmeira), Manoel Passos Lima e Cacique Alfredo Celestino (Palmeira dos \u00cdndios).<\/p>\n<\/div>\n<\/div>\n<div id=\"chunk-dtoka\">\n<div class=\"mc-column\" data-block-type=\"ads\" data-block-id=\"11\">\n<div class=\"content-ads\">Entre as dez escolas, tr\u00eas s\u00e3o unidades que come\u00e7am a funcionar este ano: Maria Li\u00e9ge de Albuquerque Tavares, Riacho Grande e Pedro Nepomuceno. J\u00e1 a Cacique Alfredo ser\u00e1 a primeira unidade ind\u00edgena de ensino integral da rede estadual.<\/div>\n<\/div>\n<\/div>\n<div id=\"chunk-b4cc8\">\n<div class=\"mc-column content-text active-extra-styles \" data-block-type=\"unstyled\" data-block-weight=\"32\" data-block-id=\"13\">\n<p class=\"content-text__container \" data-track-category=\"Link no Texto\" data-track-links=\"\">E estas unidades tamb\u00e9m come\u00e7am o ano com outra boa not\u00edcia: o aumento do pagamento do Cart\u00e3o Escola 10, de R$ 100 para R$ 150 mensais, para os alunos do ensino integral.<\/p>\n<\/div>\n<p data-track-category=\"Link no Texto\" data-track-links=\"\">Com Secom&nbsp;<\/p>\n<\/div>\n<\/div>\n<\/div>\n<\/div>\n<\/div>\n<\/div>\n<span style=\"clear:both;display:none;\"><img src=\"http:\/\/www.muricionline.com.br\/novo\/wp-content\/plugins\/wp-spamfree\/img\/wpsf-img.php\" width=\"0\" height=\"0\" alt=\"\" style=\"border-style:none;width:0px;height:0px;display:none;\" \/><\/span>","protected":false},"excerpt":{"rendered":"<p>Alagoas est\u00e1 entre os dez estados com maior propor\u00e7\u00e3o de alunos da rede p\u00fablica matriculados no ensino integral. Os dados foram divulgados na manh\u00e3 desta quarta-feira (08), durante coletiva de imprensa do Minist\u00e9rio da Educa\u00e7\u00e3o (MEC) para socializa\u00e7\u00e3o dos resultados da primeira etapa do Censo Escolar 2022. Durante a apresenta\u00e7\u00e3o, conduzida pelo ministro Camilo Santana,&#8230;<\/p>\n","protected":false},"author":1,"featured_media":19452,"comment_status":"open","ping_status":"open","sticky":false,"template":"","format":"standard","meta":{"footnotes":""},"categories":[7,1],"tags":[5],"_links":{"self":[{"href":"http:\/\/www.muricionline.com.br\/novo\/index.php?rest_route=\/wp\/v2\/posts\/19451"}],"collection":[{"href":"http:\/\/www.muricionline.com.br\/novo\/index.php?rest_route=\/wp\/v2\/posts"}],"about":[{"href":"http:\/\/www.muricionline.com.br\/novo\/index.php?rest_route=\/wp\/v2\/types\/post"}],"author":[{"embeddable":true,"href":"http:\/\/www.muricionline.com.br\/novo\/index.php?rest_route=\/wp\/v2\/users\/1"}],"replies":[{"embeddable":true,"href":"http:\/\/www.muricionline.com.br\/novo\/index.php?rest_route=%2Fwp%2Fv2%2Fcomments&post=19451"}],"version-history":[{"count":1,"href":"http:\/\/www.muricionline.com.br\/novo\/index.php?rest_route=\/wp\/v2\/posts\/19451\/revisions"}],"predecessor-version":[{"id":19453,"href":"http:\/\/www.muricionline.com.br\/novo\/index.php?rest_route=\/wp\/v2\/posts\/19451\/revisions\/19453"}],"wp:featuredmedia":[{"embeddable":true,"href":"http:\/\/www.muricionline.com.br\/novo\/index.php?rest_route=\/wp\/v2\/media\/19452"}],"wp:attachment":[{"href":"http:\/\/www.muricionline.com.br\/novo\/index.php?rest_route=%2Fwp%2Fv2%2Fmedia&parent=19451"}],"wp:term":[{"taxonomy":"category","embeddable":true,"href":"http:\/\/www.muricionline.com.br\/novo\/index.php?rest_route=%2Fwp%2Fv2%2Fcategories&post=19451"},{"taxonomy":"post_tag","embeddable":true,"href":"http:\/\/www.muricionline.com.br\/novo\/index.php?rest_route=%2Fwp%2Fv2%2Ftags&post=19451"}],"curies":[{"name":"wp","href":"https:\/\/api.w.org\/{rel}","templated":true}]}}