{"id":19456,"date":"2023-02-28T14:14:17","date_gmt":"2023-02-28T17:14:17","guid":{"rendered":"http:\/\/www.muricionline.com.br\/novo\/?p=19456"},"modified":"2023-02-28T14:14:17","modified_gmt":"2023-02-28T17:14:17","slug":"ex-jogador-eninho-e-escolhido-para-o-hall-da-fama-do-futebol-da-coreia-do-sul","status":"publish","type":"post","link":"http:\/\/www.muricionline.com.br\/novo\/?p=19456","title":{"rendered":"Ex-jogador, Eninho \u00e9 escolhido para o Hall da Fama do futebol da Cor\u00e9ia do Sul"},"content":{"rendered":"<p>Quase seis anos ap\u00f3s deixar os gramados, o ex-atleta de futebol e meio campista, Eninho, segue colhendo os frutos da sua trajet\u00f3ria no futebol nacional e internacional. Na \u00faltima semana, o metade ga\u00facho e metade alagoano, foi escolhido para integrar o Hall da Fama do futebol da Cor\u00e9ia do Sul.<\/p>\n<p>A homenagem foi feita para 60 ex-atletas, de quatro gera\u00e7\u00f5es, sendo apenas 6 estrangeiros. Eninho atou em tr\u00eas equipes na Cor\u00e9ia do Sul, o Suwon em 2003, o Daegu entre 2007 e 2008 e principalmente o Jeonbuk, onde construiu historia entre 2009 e 2013, retornando em 2015.<\/p>\n<p>Agora membro do Hall da Fama do futebol sul coreano, Eninho destaca o trabalho e a dedica\u00e7\u00e3o no pa\u00eds asi\u00e1tico. \u201cFico lisonjeado de poder estar entre os melhores de todos os tempos do futebol sul coreano. Isso mostra que dei o meu melhor para ter esse reconhecimento em um pa\u00eds onde a cultura \u00e9 totalmente diferente da nossa aqui no Brasil\u201d, afirmou o ex-camisa 8.<\/p>\n<p>Com Minuto Esportes<\/p>\n<span style=\"clear:both;display:none;\"><img src=\"http:\/\/www.muricionline.com.br\/novo\/wp-content\/plugins\/wp-spamfree\/img\/wpsf-img.php\" width=\"0\" height=\"0\" alt=\"\" style=\"border-style:none;width:0px;height:0px;display:none;\" \/><\/span>","protected":false},"excerpt":{"rendered":"<p>Quase seis anos ap\u00f3s deixar os gramados, o ex-atleta de futebol e meio campista, Eninho, segue colhendo os frutos da sua trajet\u00f3ria no futebol nacional e internacional. Na \u00faltima semana, o metade ga\u00facho e metade alagoano, foi escolhido para integrar o Hall da Fama do futebol da Cor\u00e9ia do Sul. A homenagem foi feita para&#8230;<\/p>\n","protected":false},"author":1,"featured_media":19455,"comment_status":"open","ping_status":"open","sticky":false,"template":"","format":"standard","meta":{"footnotes":""},"categories":[9,1],"tags":[5],"_links":{"self":[{"href":"http:\/\/www.muricionline.com.br\/novo\/index.php?rest_route=\/wp\/v2\/posts\/19456"}],"collection":[{"href":"http:\/\/www.muricionline.com.br\/novo\/index.php?rest_route=\/wp\/v2\/posts"}],"about":[{"href":"http:\/\/www.muricionline.com.br\/novo\/index.php?rest_route=\/wp\/v2\/types\/post"}],"author":[{"embeddable":true,"href":"http:\/\/www.muricionline.com.br\/novo\/index.php?rest_route=\/wp\/v2\/users\/1"}],"replies":[{"embeddable":true,"href":"http:\/\/www.muricionline.com.br\/novo\/index.php?rest_route=%2Fwp%2Fv2%2Fcomments&post=19456"}],"version-history":[{"count":1,"href":"http:\/\/www.muricionline.com.br\/novo\/index.php?rest_route=\/wp\/v2\/posts\/19456\/revisions"}],"predecessor-version":[{"id":19457,"href":"http:\/\/www.muricionline.com.br\/novo\/index.php?rest_route=\/wp\/v2\/posts\/19456\/revisions\/19457"}],"wp:featuredmedia":[{"embeddable":true,"href":"http:\/\/www.muricionline.com.br\/novo\/index.php?rest_route=\/wp\/v2\/media\/19455"}],"wp:attachment":[{"href":"http:\/\/www.muricionline.com.br\/novo\/index.php?rest_route=%2Fwp%2Fv2%2Fmedia&parent=19456"}],"wp:term":[{"taxonomy":"category","embeddable":true,"href":"http:\/\/www.muricionline.com.br\/novo\/index.php?rest_route=%2Fwp%2Fv2%2Fcategories&post=19456"},{"taxonomy":"post_tag","embeddable":true,"href":"http:\/\/www.muricionline.com.br\/novo\/index.php?rest_route=%2Fwp%2Fv2%2Ftags&post=19456"}],"curies":[{"name":"wp","href":"https:\/\/api.w.org\/{rel}","templated":true}]}}