{"id":19460,"date":"2023-03-01T14:34:23","date_gmt":"2023-03-01T17:34:23","guid":{"rendered":"http:\/\/www.muricionline.com.br\/novo\/?p=19460"},"modified":"2023-03-01T14:34:23","modified_gmt":"2023-03-01T17:34:23","slug":"prefeita-de-santana-assina-contrato-de-cessao-de-uso-gratuito-do-predio-da-receita-federal","status":"publish","type":"post","link":"http:\/\/www.muricionline.com.br\/novo\/?p=19460","title":{"rendered":"Prefeita de Santana assina Contrato de Cess\u00e3o de Uso Gratuito do pr\u00e9dio da Receita Federal"},"content":{"rendered":"<p>A prefeita de Santana do Ipanema, Christiane Bulh\u00f5es participou nesta segunda-feira (27), de uma reuni\u00e3o na sede do Minist\u00e9rio da Gest\u00e3o e Inova\u00e7\u00e3o em Servi\u00e7os P\u00fablicos, em Macei\u00f3. Na ocasi\u00e3o, ela assinou um Contrato de Cess\u00e3o de Uso Gratuito do pr\u00e9dio da Receita Federal em Santana do Ipanema.<\/p>\n<p>A chefe do executivo santanense foi recebida pelo Superintendente Interino do Patrim\u00f4nio da Uni\u00e3o, M\u00e1rio Gama e pelo Analista de Infraestrutura, Pedro Barros.<\/p>\n<p>O pr\u00e9dio foi cedido ao munic\u00edpio pela Uni\u00e3o e nele ser\u00e3o disponibilizados servi\u00e7os muito importantes, beneficiando diretamente \u00e0 popula\u00e7\u00e3o.<\/p>\n<p>Conforme explicou Mario Gama, o im\u00f3vel estava inutilizado e gerando custos para a uni\u00e3o, mas com a cess\u00e3o, ter\u00e1 de volta sua utilidade.<\/p>\n<p>Christiane Bulh\u00f5es agradeceu ao superintendente e ao analista pela parceira firmada. Ela estendeu os agradecimentos ao deputado federal Isnaldo Bulh\u00f5es que tem lutado em Bras\u00edlia para garantir recursos e parcerias importantes com o Governo do Brasil para o desenvolvimento de Santana.<\/p>\n<p>A reuni\u00e3o contou com as presen\u00e7as do presidente da C\u00e2mara de Vereadores, Moacir J\u00fanior, dos secret\u00e1rios municipais Renilde Bulh\u00f5es, Marcelo Melo e Jos\u00e9 Marques, do chefe de gabinete Jorge Santana e do procurador Danyllo Bezerra e do respons\u00e1vel pelo Ponto de Atendimento Virtual da Receita Federal (PAV), Edilson Barbosa.<\/p>\n<p>&nbsp;<\/p>\n<p>Com Assessoria&nbsp;<\/p>\n<span style=\"clear:both;display:none;\"><img src=\"http:\/\/www.muricionline.com.br\/novo\/wp-content\/plugins\/wp-spamfree\/img\/wpsf-img.php\" width=\"0\" height=\"0\" alt=\"\" style=\"border-style:none;width:0px;height:0px;display:none;\" \/><\/span>","protected":false},"excerpt":{"rendered":"<p>A prefeita de Santana do Ipanema, Christiane Bulh\u00f5es participou nesta segunda-feira (27), de uma reuni\u00e3o na sede do Minist\u00e9rio da Gest\u00e3o e Inova\u00e7\u00e3o em Servi\u00e7os P\u00fablicos, em Macei\u00f3. Na ocasi\u00e3o, ela assinou um Contrato de Cess\u00e3o de Uso Gratuito do pr\u00e9dio da Receita Federal em Santana do Ipanema. A chefe do executivo santanense foi recebida&#8230;<\/p>\n","protected":false},"author":1,"featured_media":19461,"comment_status":"open","ping_status":"open","sticky":false,"template":"","format":"standard","meta":{"footnotes":""},"categories":[1],"tags":[5],"_links":{"self":[{"href":"http:\/\/www.muricionline.com.br\/novo\/index.php?rest_route=\/wp\/v2\/posts\/19460"}],"collection":[{"href":"http:\/\/www.muricionline.com.br\/novo\/index.php?rest_route=\/wp\/v2\/posts"}],"about":[{"href":"http:\/\/www.muricionline.com.br\/novo\/index.php?rest_route=\/wp\/v2\/types\/post"}],"author":[{"embeddable":true,"href":"http:\/\/www.muricionline.com.br\/novo\/index.php?rest_route=\/wp\/v2\/users\/1"}],"replies":[{"embeddable":true,"href":"http:\/\/www.muricionline.com.br\/novo\/index.php?rest_route=%2Fwp%2Fv2%2Fcomments&post=19460"}],"version-history":[{"count":1,"href":"http:\/\/www.muricionline.com.br\/novo\/index.php?rest_route=\/wp\/v2\/posts\/19460\/revisions"}],"predecessor-version":[{"id":19462,"href":"http:\/\/www.muricionline.com.br\/novo\/index.php?rest_route=\/wp\/v2\/posts\/19460\/revisions\/19462"}],"wp:featuredmedia":[{"embeddable":true,"href":"http:\/\/www.muricionline.com.br\/novo\/index.php?rest_route=\/wp\/v2\/media\/19461"}],"wp:attachment":[{"href":"http:\/\/www.muricionline.com.br\/novo\/index.php?rest_route=%2Fwp%2Fv2%2Fmedia&parent=19460"}],"wp:term":[{"taxonomy":"category","embeddable":true,"href":"http:\/\/www.muricionline.com.br\/novo\/index.php?rest_route=%2Fwp%2Fv2%2Fcategories&post=19460"},{"taxonomy":"post_tag","embeddable":true,"href":"http:\/\/www.muricionline.com.br\/novo\/index.php?rest_route=%2Fwp%2Fv2%2Ftags&post=19460"}],"curies":[{"name":"wp","href":"https:\/\/api.w.org\/{rel}","templated":true}]}}