{"id":19463,"date":"2023-03-01T15:35:22","date_gmt":"2023-03-01T18:35:22","guid":{"rendered":"http:\/\/www.muricionline.com.br\/novo\/?p=19463"},"modified":"2023-03-01T15:50:34","modified_gmt":"2023-03-01T18:50:34","slug":"alimenta-murici-programa-assiste-mais-de-2-mil-familias-mensalmente","status":"publish","type":"post","link":"http:\/\/www.muricionline.com.br\/novo\/?p=19463","title":{"rendered":"Alimenta Murici: Programa assiste mais de 2 mil fam\u00edlias mensalmente"},"content":{"rendered":"<p>Nesta ter\u00e7a-feira (28\/2), a prefeitura de Murici demonstrou mais uma vez seu compromisso com a popula\u00e7\u00e3o ao intensificar os cuidados oferecidos pela Secretaria Municipal de Assist\u00eancia Social \u2013 SEMAS.<\/p>\n<p><a href=\"http:\/\/www.muricionline.com.br\/novo\/wp-content\/uploads\/2023\/03\/E6AAABBC-2BE9-41BA-862D-F3038D8C941D.jpeg\"><img loading=\"lazy\" decoding=\"async\" class=\"aligncenter size-full wp-image-19465\" src=\"http:\/\/www.muricionline.com.br\/novo\/wp-content\/uploads\/2023\/03\/E6AAABBC-2BE9-41BA-862D-F3038D8C941D.jpeg\" alt=\"\" width=\"1024\" height=\"683\" srcset=\"http:\/\/www.muricionline.com.br\/novo\/wp-content\/uploads\/2023\/03\/E6AAABBC-2BE9-41BA-862D-F3038D8C941D.jpeg 1024w, http:\/\/www.muricionline.com.br\/novo\/wp-content\/uploads\/2023\/03\/E6AAABBC-2BE9-41BA-862D-F3038D8C941D-250x167.jpeg 250w, http:\/\/www.muricionline.com.br\/novo\/wp-content\/uploads\/2023\/03\/E6AAABBC-2BE9-41BA-862D-F3038D8C941D-768x512.jpeg 768w, http:\/\/www.muricionline.com.br\/novo\/wp-content\/uploads\/2023\/03\/E6AAABBC-2BE9-41BA-862D-F3038D8C941D-400x267.jpeg 400w\" sizes=\"(max-width: 1024px) 100vw, 1024px\" \/><\/a><br \/>\nFoi realizada mais uma edi\u00e7\u00e3o do Alimenta Murici, que tem como objetivo atender as fam\u00edlias que se encontram em situa\u00e7\u00e3o de inseguran\u00e7a alimentar na cidade, por meio da distribui\u00e7\u00e3o de cestas nutricionais.<\/p>\n<p>Com Assessoria&nbsp;<\/p>\n<p><a href=\"http:\/\/www.muricionline.com.br\/novo\/wp-content\/uploads\/2023\/03\/93C9A45F-633E-4412-BB6B-DDD24752E20B.jpeg\"><img loading=\"lazy\" decoding=\"async\" class=\"aligncenter size-full wp-image-19466\" src=\"http:\/\/www.muricionline.com.br\/novo\/wp-content\/uploads\/2023\/03\/93C9A45F-633E-4412-BB6B-DDD24752E20B.jpeg\" alt=\"\" width=\"1024\" height=\"683\" srcset=\"http:\/\/www.muricionline.com.br\/novo\/wp-content\/uploads\/2023\/03\/93C9A45F-633E-4412-BB6B-DDD24752E20B.jpeg 1024w, http:\/\/www.muricionline.com.br\/novo\/wp-content\/uploads\/2023\/03\/93C9A45F-633E-4412-BB6B-DDD24752E20B-250x167.jpeg 250w, http:\/\/www.muricionline.com.br\/novo\/wp-content\/uploads\/2023\/03\/93C9A45F-633E-4412-BB6B-DDD24752E20B-768x512.jpeg 768w, http:\/\/www.muricionline.com.br\/novo\/wp-content\/uploads\/2023\/03\/93C9A45F-633E-4412-BB6B-DDD24752E20B-400x267.jpeg 400w\" sizes=\"(max-width: 1024px) 100vw, 1024px\" \/><\/a><\/p>\n<span style=\"clear:both;display:none;\"><img src=\"http:\/\/www.muricionline.com.br\/novo\/wp-content\/plugins\/wp-spamfree\/img\/wpsf-img.php\" width=\"0\" height=\"0\" alt=\"\" style=\"border-style:none;width:0px;height:0px;display:none;\" \/><\/span>","protected":false},"excerpt":{"rendered":"<p>Nesta ter\u00e7a-feira (28\/2), a prefeitura de Murici demonstrou mais uma vez seu compromisso com a popula\u00e7\u00e3o ao intensificar os cuidados oferecidos pela Secretaria Municipal de Assist\u00eancia Social \u2013 SEMAS. Foi realizada mais uma edi\u00e7\u00e3o do Alimenta Murici, que tem como objetivo atender as fam\u00edlias que se encontram em situa\u00e7\u00e3o de inseguran\u00e7a alimentar na cidade, por&#8230;<\/p>\n","protected":false},"author":1,"featured_media":19464,"comment_status":"open","ping_status":"open","sticky":false,"template":"","format":"standard","meta":{"footnotes":""},"categories":[7,1],"tags":[5],"_links":{"self":[{"href":"http:\/\/www.muricionline.com.br\/novo\/index.php?rest_route=\/wp\/v2\/posts\/19463"}],"collection":[{"href":"http:\/\/www.muricionline.com.br\/novo\/index.php?rest_route=\/wp\/v2\/posts"}],"about":[{"href":"http:\/\/www.muricionline.com.br\/novo\/index.php?rest_route=\/wp\/v2\/types\/post"}],"author":[{"embeddable":true,"href":"http:\/\/www.muricionline.com.br\/novo\/index.php?rest_route=\/wp\/v2\/users\/1"}],"replies":[{"embeddable":true,"href":"http:\/\/www.muricionline.com.br\/novo\/index.php?rest_route=%2Fwp%2Fv2%2Fcomments&post=19463"}],"version-history":[{"count":1,"href":"http:\/\/www.muricionline.com.br\/novo\/index.php?rest_route=\/wp\/v2\/posts\/19463\/revisions"}],"predecessor-version":[{"id":19467,"href":"http:\/\/www.muricionline.com.br\/novo\/index.php?rest_route=\/wp\/v2\/posts\/19463\/revisions\/19467"}],"wp:featuredmedia":[{"embeddable":true,"href":"http:\/\/www.muricionline.com.br\/novo\/index.php?rest_route=\/wp\/v2\/media\/19464"}],"wp:attachment":[{"href":"http:\/\/www.muricionline.com.br\/novo\/index.php?rest_route=%2Fwp%2Fv2%2Fmedia&parent=19463"}],"wp:term":[{"taxonomy":"category","embeddable":true,"href":"http:\/\/www.muricionline.com.br\/novo\/index.php?rest_route=%2Fwp%2Fv2%2Fcategories&post=19463"},{"taxonomy":"post_tag","embeddable":true,"href":"http:\/\/www.muricionline.com.br\/novo\/index.php?rest_route=%2Fwp%2Fv2%2Ftags&post=19463"}],"curies":[{"name":"wp","href":"https:\/\/api.w.org\/{rel}","templated":true}]}}