{"id":19468,"date":"2023-03-01T15:51:55","date_gmt":"2023-03-01T18:51:55","guid":{"rendered":"http:\/\/www.muricionline.com.br\/novo\/?p=19468"},"modified":"2023-03-01T15:52:05","modified_gmt":"2023-03-01T18:52:05","slug":"reuniao-do-ibge-para-tratar-do-censo-2022-aponta-crescimento-populacional-em-santana-do-ipanema","status":"publish","type":"post","link":"http:\/\/www.muricionline.com.br\/novo\/?p=19468","title":{"rendered":"Reuni\u00e3o do IBGE para tratar do Censo 2022 aponta crescimento populacional em Santana do Ipanema"},"content":{"rendered":"<p>O Instituto Brasileiro de Geografia e Estat\u00edstica (IBGE) promoveu a 3\u00aa e \u00faltima Reuni\u00e3o de Planejamento e Acompanhamento do Censo 2022 (REPAC) para apresentar os Dados Preliminares do Censo Demogr\u00e1fico 2022. O encontro aconteceu no audit\u00f3rio da Prefeitura de Santana do Ipanema e contou com as presen\u00e7as da prefeita Christiane Bulh\u00f5es, do Chefe da Ag\u00eancia do IBGE de Santana do Ipanema, Fl\u00e1vio Ferreira, o vice-prefeito Iury Pinto, vereadores, secret\u00e1rios municipais e servidores da Prefeitura.<\/p>\n<p>Os n\u00fameros iniciais apontam crescimento da popula\u00e7\u00e3o com base na \u00faltima estimativa. Al\u00e9m disso, o n\u00famero de domicilios tamb\u00e9m aumentou.<\/p>\n<p>O Censo foi realizado com total apoio da Prefeitura. Segundo avaliou o Chefe da Ag\u00eancia do IBGE de Santana, o munic\u00edpio cumpriu tudo que foi estabelecido pelo Instituto.<\/p>\n<p>Essa \u00e9 uma importante iniciativa onde a gest\u00e3o da prefeita Christiane Bulh\u00f5es pode avaliar uma melhor execu\u00e7\u00e3o das pol\u00edticas p\u00fablicas em Santana.<\/p>\n<p>Fl\u00e1vio Ferreira comentou que no geral, tivemos dificuldades iniciais por ter come\u00e7ado em \u00e9poca de chuva e com um inverno at\u00edpico. Tamb\u00e9m teve resist\u00eancia de alguns cidad\u00e3os no in\u00edcio, mas a equipe foi adquirindo experi\u00eancia, e com as divulga\u00e7\u00f5es que foram feitas, foi se tornando mais conhecido, a chuva passou, o aporte financeiro dobrou o valor que o IBGE tinha para pagar deslocamento pra recenseador e o somat\u00f3rio desses fatores contribu\u00edram para que a coleta transcorresse sem maiores transtornos. \u201cO pessoal tinha boa vontade e trabalhamos muito a noite em busca de moradores ausente e tamb\u00e9m tirando recusas, no geral, foi trabalhoso, porem satisfat\u00f3rio\u201d, pontuou o chefe do IBGE em Santana.<\/p>\n<p>Participaram ainda da reuni\u00e3o o presidente da C\u00e2mara de Vereadores, Moacir J\u00fanior, os secret\u00e1rios Marcelo Melo, Renilde Bulh\u00f5es, J\u00fanior Genu\u00edno, Vera Ara\u00fajo e Amanda Gra\u00e7a, o chefe de Gabinete Jorge Santana, al\u00e9m de servidores das secretarias municipais.<\/p>\n<p>&nbsp;<\/p>\n<p>Com Assessoria&nbsp;<\/p>\n<span style=\"clear:both;display:none;\"><img src=\"http:\/\/www.muricionline.com.br\/novo\/wp-content\/plugins\/wp-spamfree\/img\/wpsf-img.php\" width=\"0\" height=\"0\" alt=\"\" style=\"border-style:none;width:0px;height:0px;display:none;\" \/><\/span>","protected":false},"excerpt":{"rendered":"<p>O Instituto Brasileiro de Geografia e Estat\u00edstica (IBGE) promoveu a 3\u00aa e \u00faltima Reuni\u00e3o de Planejamento e Acompanhamento do Censo 2022 (REPAC) para apresentar os Dados Preliminares do Censo Demogr\u00e1fico 2022. O encontro aconteceu no audit\u00f3rio da Prefeitura de Santana do Ipanema e contou com as presen\u00e7as da prefeita Christiane Bulh\u00f5es, do Chefe da Ag\u00eancia&#8230;<\/p>\n","protected":false},"author":1,"featured_media":19469,"comment_status":"open","ping_status":"open","sticky":false,"template":"","format":"standard","meta":{"footnotes":""},"categories":[1],"tags":[5],"_links":{"self":[{"href":"http:\/\/www.muricionline.com.br\/novo\/index.php?rest_route=\/wp\/v2\/posts\/19468"}],"collection":[{"href":"http:\/\/www.muricionline.com.br\/novo\/index.php?rest_route=\/wp\/v2\/posts"}],"about":[{"href":"http:\/\/www.muricionline.com.br\/novo\/index.php?rest_route=\/wp\/v2\/types\/post"}],"author":[{"embeddable":true,"href":"http:\/\/www.muricionline.com.br\/novo\/index.php?rest_route=\/wp\/v2\/users\/1"}],"replies":[{"embeddable":true,"href":"http:\/\/www.muricionline.com.br\/novo\/index.php?rest_route=%2Fwp%2Fv2%2Fcomments&post=19468"}],"version-history":[{"count":1,"href":"http:\/\/www.muricionline.com.br\/novo\/index.php?rest_route=\/wp\/v2\/posts\/19468\/revisions"}],"predecessor-version":[{"id":19470,"href":"http:\/\/www.muricionline.com.br\/novo\/index.php?rest_route=\/wp\/v2\/posts\/19468\/revisions\/19470"}],"wp:featuredmedia":[{"embeddable":true,"href":"http:\/\/www.muricionline.com.br\/novo\/index.php?rest_route=\/wp\/v2\/media\/19469"}],"wp:attachment":[{"href":"http:\/\/www.muricionline.com.br\/novo\/index.php?rest_route=%2Fwp%2Fv2%2Fmedia&parent=19468"}],"wp:term":[{"taxonomy":"category","embeddable":true,"href":"http:\/\/www.muricionline.com.br\/novo\/index.php?rest_route=%2Fwp%2Fv2%2Fcategories&post=19468"},{"taxonomy":"post_tag","embeddable":true,"href":"http:\/\/www.muricionline.com.br\/novo\/index.php?rest_route=%2Fwp%2Fv2%2Ftags&post=19468"}],"curies":[{"name":"wp","href":"https:\/\/api.w.org\/{rel}","templated":true}]}}