{"id":19473,"date":"2023-03-01T16:00:01","date_gmt":"2023-03-01T19:00:01","guid":{"rendered":"http:\/\/www.muricionline.com.br\/novo\/?p=19473"},"modified":"2023-03-01T16:00:01","modified_gmt":"2023-03-01T19:00:01","slug":"governador-comemora-o-maior-patamar-de-empregados-com-carteira-assinada-dos-ultimos-7-anos","status":"publish","type":"post","link":"http:\/\/www.muricionline.com.br\/novo\/?p=19473","title":{"rendered":"Governador comemora o maior patamar de empregados com carteira assinada dos \u00faltimos 7 anos"},"content":{"rendered":"<p>O governador Paulo Dantas comemorou os resultados que mostram que Alagoas registrou um aumento no n\u00famero de carteiras assinadas no ano de 2022.&nbsp; O crescimento de 13,4% mostrou um salto de 40 mil novos empregos, o maior patamar j\u00e1 registrado desde 2015. Fora que o Estado teve no \u00faltimo trimestre o maior avan\u00e7o entre todas as unidades federativas, segundo dados da Pesquisa Nacional por Amostra de Domic\u00edlios Cont\u00ednua (Pnad Cont\u00ednua), divulgados nesta ter\u00e7a-feira pelo IBGE.<\/p>\n<p>Paulo lembrou que estes bons n\u00fameros foram constru\u00eddos a partir do Plano de Retomada da Economia, lan\u00e7ado no in\u00edcio do seu governo em maio do ano passado e que contribuiu para que Alagoas elevasse o n\u00famero da popula\u00e7\u00e3o formalmente ocupada, bem como reduzisse a taxa de desemprego.<\/p>\n<p>\u201cAlagoas registrou a maior taxa de pessoas empregadas com carteira assinada nos \u00faltimos sete anos. Isso \u00e9 fruto de muito trabalho do Governo do Estado no fomento \u00e0s ind\u00fastrias, empresas, na forma\u00e7\u00e3o profissional, nas desonera\u00e7\u00f5es de impostos e incentivos fiscais. Isso mostra mais uma vez que o Plano de Retomada deu certo e os resultados est\u00e3o aparecendo. Nossa economia segue aquecida e os alagoanos conquistando seus empregos, gerando renda e construindo um futuro digno\u201d, comemorou.<\/p>\n<p>A pesquisa do PNAD Cont\u00ednua tamb\u00e9m trouxe outros dados positivos para Alagoas. O estado registrou aumento no n\u00famero de Trabalhadores Por Conta Pr\u00f3pria, totalizando 304 mil pessoas que atuam com o seu pr\u00f3prio empreendimento, sejam sozinhas ou com s\u00f3cios. A pesquisa tamb\u00e9m mostra que no ano passado houve uma recupera\u00e7\u00e3o na economia alagoana, onde o contingente m\u00e9dio anual da popula\u00e7\u00e3o ocupada em Alagoas cresceu 3,5%, chegando a 1,2 milh\u00e3o de alagoanos. O n\u00edvel de ocupa\u00e7\u00e3o tamb\u00e9m cresceu pelo segundo ano consecutivo e registrou 45,8%, em 2022.<\/p>\n<p>Outro dado positivo \u00e9 que o Estado registrou a menor taxa de desemprego dos \u00faltimos 8 anos. De acordo com o PNAD Cont\u00ednua, a taxa m\u00e9dia anual de desemprego em 2022 foi de 11,2%. O resultado anual \u00e9 o menor desde 2014, mostrando que o mercado de trabalho n\u00e3o apenas confirma a tend\u00eancia de recupera\u00e7\u00e3o ap\u00f3s o impacto da pandemia da COVID-19, como ultrapassa o patamar pr\u00e9-pandemia.<\/p>\n<p>&nbsp;<\/p>\n<p>Com Ag\u00eancia Alagoas&nbsp;<\/p>\n<span style=\"clear:both;display:none;\"><img src=\"http:\/\/www.muricionline.com.br\/novo\/wp-content\/plugins\/wp-spamfree\/img\/wpsf-img.php\" width=\"0\" height=\"0\" alt=\"\" style=\"border-style:none;width:0px;height:0px;display:none;\" \/><\/span>","protected":false},"excerpt":{"rendered":"<p>O governador Paulo Dantas comemorou os resultados que mostram que Alagoas registrou um aumento no n\u00famero de carteiras assinadas no ano de 2022.&nbsp; O crescimento de 13,4% mostrou um salto de 40 mil novos empregos, o maior patamar j\u00e1 registrado desde 2015. Fora que o Estado teve no \u00faltimo trimestre o maior avan\u00e7o entre todas&#8230;<\/p>\n","protected":false},"author":1,"featured_media":0,"comment_status":"open","ping_status":"open","sticky":false,"template":"","format":"standard","meta":{"footnotes":""},"categories":[7,1],"tags":[5],"_links":{"self":[{"href":"http:\/\/www.muricionline.com.br\/novo\/index.php?rest_route=\/wp\/v2\/posts\/19473"}],"collection":[{"href":"http:\/\/www.muricionline.com.br\/novo\/index.php?rest_route=\/wp\/v2\/posts"}],"about":[{"href":"http:\/\/www.muricionline.com.br\/novo\/index.php?rest_route=\/wp\/v2\/types\/post"}],"author":[{"embeddable":true,"href":"http:\/\/www.muricionline.com.br\/novo\/index.php?rest_route=\/wp\/v2\/users\/1"}],"replies":[{"embeddable":true,"href":"http:\/\/www.muricionline.com.br\/novo\/index.php?rest_route=%2Fwp%2Fv2%2Fcomments&post=19473"}],"version-history":[{"count":1,"href":"http:\/\/www.muricionline.com.br\/novo\/index.php?rest_route=\/wp\/v2\/posts\/19473\/revisions"}],"predecessor-version":[{"id":19474,"href":"http:\/\/www.muricionline.com.br\/novo\/index.php?rest_route=\/wp\/v2\/posts\/19473\/revisions\/19474"}],"wp:attachment":[{"href":"http:\/\/www.muricionline.com.br\/novo\/index.php?rest_route=%2Fwp%2Fv2%2Fmedia&parent=19473"}],"wp:term":[{"taxonomy":"category","embeddable":true,"href":"http:\/\/www.muricionline.com.br\/novo\/index.php?rest_route=%2Fwp%2Fv2%2Fcategories&post=19473"},{"taxonomy":"post_tag","embeddable":true,"href":"http:\/\/www.muricionline.com.br\/novo\/index.php?rest_route=%2Fwp%2Fv2%2Ftags&post=19473"}],"curies":[{"name":"wp","href":"https:\/\/api.w.org\/{rel}","templated":true}]}}