{"id":19475,"date":"2023-03-01T21:46:02","date_gmt":"2023-03-02T00:46:02","guid":{"rendered":"http:\/\/www.muricionline.com.br\/novo\/?p=19475"},"modified":"2023-03-01T21:46:02","modified_gmt":"2023-03-02T00:46:02","slug":"educacao-de-santana-do-mundau-promove-1o-seminario-do-ano-letivo-de-2023","status":"publish","type":"post","link":"http:\/\/www.muricionline.com.br\/novo\/?p=19475","title":{"rendered":"Educa\u00e7\u00e3o de Santana do Munda\u00fa promove 1\u00ba Semin\u00e1rio do ano letivo de 2023"},"content":{"rendered":"<p>Nesta quarta-feira (1), os profissionais da educa\u00e7\u00e3o de Santana do Munda\u00fa, participaram do 1\u00ba Semin\u00e1rio do ano letivo de 2023. Com o tema \u201cSistematiza\u00e7\u00e3o personalizada do ensino: uma conex\u00e3o de saberes, pr\u00e1ticas e aspectos socioemocionais\u201d, a iniciativa faz parte do projeto Avan\u00e7a + Educa\u00e7\u00e3o com Voc\u00ea; e visa ampliar a oferta de capacita\u00e7\u00e3o e forma\u00e7\u00e3o continuada dos servidores; como tamb\u00e9m, ampliar e fortalecer as a\u00e7\u00f5es que nortear\u00e3o as atividades dentro das salas de aula.<\/p>\n<p>\u201cNosso munic\u00edpio tem o melhor IDEB do estado; e, por isso, iniciamos o ano com a importante miss\u00e3o de manter esse n\u00edvel de excel\u00eancia, ofertando aos nossos profissionais iniciativas como essa, que elevam sua capacidade t\u00e9cnica e, consequentemente, asseguram a oferta de um ensino de qualidade para os nossos estudantes. Estamos cheios de expectativas para 2023, e com o empenho de toda a equipe e os investimentos estruturantes da gest\u00e3o do prefeito Arthur Freitas na \u00e1rea da educa\u00e7\u00e3o, tenho certeza que ser\u00e1 um ano promissor\u201d, disse o secret\u00e1rio Andr\u00e9 Castro.<\/p>\n<p>O presidente da C\u00e2mara, Alex Freire, e os vereadores Juarez Salustiano, Genor e Nego das Brenhas, tamb\u00e9m prestigiaram o evento.<\/p>\n<p>&nbsp;<\/p>\n<p>Com Assessoria&nbsp;<\/p>\n<span style=\"clear:both;display:none;\"><img src=\"http:\/\/www.muricionline.com.br\/novo\/wp-content\/plugins\/wp-spamfree\/img\/wpsf-img.php\" width=\"0\" height=\"0\" alt=\"\" style=\"border-style:none;width:0px;height:0px;display:none;\" \/><\/span>","protected":false},"excerpt":{"rendered":"<p>Nesta quarta-feira (1), os profissionais da educa\u00e7\u00e3o de Santana do Munda\u00fa, participaram do 1\u00ba Semin\u00e1rio do ano letivo de 2023. Com o tema \u201cSistematiza\u00e7\u00e3o personalizada do ensino: uma conex\u00e3o de saberes, pr\u00e1ticas e aspectos socioemocionais\u201d, a iniciativa faz parte do projeto Avan\u00e7a + Educa\u00e7\u00e3o com Voc\u00ea; e visa ampliar a oferta de capacita\u00e7\u00e3o e forma\u00e7\u00e3o&#8230;<\/p>\n","protected":false},"author":1,"featured_media":19476,"comment_status":"open","ping_status":"open","sticky":false,"template":"","format":"standard","meta":{"footnotes":""},"categories":[1],"tags":[5],"_links":{"self":[{"href":"http:\/\/www.muricionline.com.br\/novo\/index.php?rest_route=\/wp\/v2\/posts\/19475"}],"collection":[{"href":"http:\/\/www.muricionline.com.br\/novo\/index.php?rest_route=\/wp\/v2\/posts"}],"about":[{"href":"http:\/\/www.muricionline.com.br\/novo\/index.php?rest_route=\/wp\/v2\/types\/post"}],"author":[{"embeddable":true,"href":"http:\/\/www.muricionline.com.br\/novo\/index.php?rest_route=\/wp\/v2\/users\/1"}],"replies":[{"embeddable":true,"href":"http:\/\/www.muricionline.com.br\/novo\/index.php?rest_route=%2Fwp%2Fv2%2Fcomments&post=19475"}],"version-history":[{"count":1,"href":"http:\/\/www.muricionline.com.br\/novo\/index.php?rest_route=\/wp\/v2\/posts\/19475\/revisions"}],"predecessor-version":[{"id":19477,"href":"http:\/\/www.muricionline.com.br\/novo\/index.php?rest_route=\/wp\/v2\/posts\/19475\/revisions\/19477"}],"wp:featuredmedia":[{"embeddable":true,"href":"http:\/\/www.muricionline.com.br\/novo\/index.php?rest_route=\/wp\/v2\/media\/19476"}],"wp:attachment":[{"href":"http:\/\/www.muricionline.com.br\/novo\/index.php?rest_route=%2Fwp%2Fv2%2Fmedia&parent=19475"}],"wp:term":[{"taxonomy":"category","embeddable":true,"href":"http:\/\/www.muricionline.com.br\/novo\/index.php?rest_route=%2Fwp%2Fv2%2Fcategories&post=19475"},{"taxonomy":"post_tag","embeddable":true,"href":"http:\/\/www.muricionline.com.br\/novo\/index.php?rest_route=%2Fwp%2Fv2%2Ftags&post=19475"}],"curies":[{"name":"wp","href":"https:\/\/api.w.org\/{rel}","templated":true}]}}