{"id":19479,"date":"2023-03-04T10:27:38","date_gmt":"2023-03-04T13:27:38","guid":{"rendered":"http:\/\/www.muricionline.com.br\/novo\/?p=19479"},"modified":"2023-03-04T10:27:38","modified_gmt":"2023-03-04T13:27:38","slug":"neno-da-laje-fortalece-grupo-politico-e-pavimenta-mais-uma-vitoria-em-2024","status":"publish","type":"post","link":"http:\/\/www.muricionline.com.br\/novo\/?p=19479","title":{"rendered":"Neno da Laje fortalece grupo pol\u00edtico e pavimenta mais uma vit\u00f3ria em 2024"},"content":{"rendered":"<p>Eleito prefeito de S\u00e3o Jos\u00e9 da Laje por 3 vezes, e nas \u00faltimas tr\u00eas elei\u00e7\u00f5es (2012- 2016 &#8211; 2020) saindo vitorioso como mentor das campanhas do ex-prefeito Rodrigo Valen\u00e7a, e da atual prefeita Angela Vanessa, Neno da Laje vem pavimentado a passos largos mais uma vit\u00f3ria para seu grupo pol\u00edtico, diga-se de passagem o maior grupo pol\u00edtico dos \u00faltimos tempos na cidade.<\/p>\n<p>Neno da Laje recebeu recentemente o apoio do ex-vereador e presidente da C\u00e2mara o empres\u00e1rio Carlos Nunes (Carlos do Abatedor), la\u00e7os amarrados, alian\u00e7a firmada, o encontro foi acompanhado pelo vereador Junior Urubinha.<\/p>\n<p>Neno da Laje fortalece ainda mais seu grupo pol\u00edtico, em contrapartida que a pequena, j\u00e1 min\u00fascula e confusa oposi\u00e7\u00e3o, que \u00e9 composta por tr\u00eas vereadores e suas particularidades, Fabricia Veras que responde por uma processo de inelegibilidade, Bruno Brito temido na cidade por seu temperamento, M\u00e1rcio Lyra, filho do ex-prefeito Dudui, recordista em rejei\u00e7\u00e3o entre os eleitores, tendo em vista nas elei\u00e7\u00f5es de 2020, a irm\u00e3 do ex-prefeito Dudui foi apenas a terceira colocada, e seu filho eleito vereador pela sobra dos votos.<\/p>\n<p>Caminhando sem olhar o retrovisor, Neno da Laje constr\u00f3i pouco a pouco mais uma vit\u00f3ria, tendo ao seu lado, um enorme grupo pol\u00edtico, e a aprova\u00e7\u00e3o popular da atual prefeita Angela Vanessa. Dois fatores que fazem com que lideran\u00e7as pol\u00edticas do estado recuem da ideia quando procuradas para enfrentar o grupo de Neno da Laje considerado a maior lideran\u00e7a pol\u00edtica da Zona da Mata.<\/p>\n<p>Por Assessoria<\/p>\n<span style=\"clear:both;display:none;\"><img src=\"http:\/\/www.muricionline.com.br\/novo\/wp-content\/plugins\/wp-spamfree\/img\/wpsf-img.php\" width=\"0\" height=\"0\" alt=\"\" style=\"border-style:none;width:0px;height:0px;display:none;\" \/><\/span>","protected":false},"excerpt":{"rendered":"<p>Eleito prefeito de S\u00e3o Jos\u00e9 da Laje por 3 vezes, e nas \u00faltimas tr\u00eas elei\u00e7\u00f5es (2012- 2016 &#8211; 2020) saindo vitorioso como mentor das campanhas do ex-prefeito Rodrigo Valen\u00e7a, e da atual prefeita Angela Vanessa, Neno da Laje vem pavimentado a passos largos mais uma vit\u00f3ria para seu grupo pol\u00edtico, diga-se de passagem o maior&#8230;<\/p>\n","protected":false},"author":1,"featured_media":19480,"comment_status":"open","ping_status":"open","sticky":false,"template":"","format":"standard","meta":{"footnotes":""},"categories":[1],"tags":[5],"_links":{"self":[{"href":"http:\/\/www.muricionline.com.br\/novo\/index.php?rest_route=\/wp\/v2\/posts\/19479"}],"collection":[{"href":"http:\/\/www.muricionline.com.br\/novo\/index.php?rest_route=\/wp\/v2\/posts"}],"about":[{"href":"http:\/\/www.muricionline.com.br\/novo\/index.php?rest_route=\/wp\/v2\/types\/post"}],"author":[{"embeddable":true,"href":"http:\/\/www.muricionline.com.br\/novo\/index.php?rest_route=\/wp\/v2\/users\/1"}],"replies":[{"embeddable":true,"href":"http:\/\/www.muricionline.com.br\/novo\/index.php?rest_route=%2Fwp%2Fv2%2Fcomments&post=19479"}],"version-history":[{"count":1,"href":"http:\/\/www.muricionline.com.br\/novo\/index.php?rest_route=\/wp\/v2\/posts\/19479\/revisions"}],"predecessor-version":[{"id":19481,"href":"http:\/\/www.muricionline.com.br\/novo\/index.php?rest_route=\/wp\/v2\/posts\/19479\/revisions\/19481"}],"wp:featuredmedia":[{"embeddable":true,"href":"http:\/\/www.muricionline.com.br\/novo\/index.php?rest_route=\/wp\/v2\/media\/19480"}],"wp:attachment":[{"href":"http:\/\/www.muricionline.com.br\/novo\/index.php?rest_route=%2Fwp%2Fv2%2Fmedia&parent=19479"}],"wp:term":[{"taxonomy":"category","embeddable":true,"href":"http:\/\/www.muricionline.com.br\/novo\/index.php?rest_route=%2Fwp%2Fv2%2Fcategories&post=19479"},{"taxonomy":"post_tag","embeddable":true,"href":"http:\/\/www.muricionline.com.br\/novo\/index.php?rest_route=%2Fwp%2Fv2%2Ftags&post=19479"}],"curies":[{"name":"wp","href":"https:\/\/api.w.org\/{rel}","templated":true}]}}