{"id":19549,"date":"2023-03-10T10:58:22","date_gmt":"2023-03-10T13:58:22","guid":{"rendered":"http:\/\/www.muricionline.com.br\/novo\/?p=19549"},"modified":"2023-03-10T11:00:13","modified_gmt":"2023-03-10T14:00:13","slug":"superintendencia-das-centrais-ja-e-seplag-visitam-predio-da-receita-federal-em-santana-do-ipanema","status":"publish","type":"post","link":"http:\/\/www.muricionline.com.br\/novo\/?p=19549","title":{"rendered":"Superintend\u00eancia das Centrais J\u00e1! e Seplag visitam pr\u00e9dio da Receita Federal em Santana do Ipanema"},"content":{"rendered":"<p>A Superintend\u00eancia das Centrais J\u00e1! visitou o pr\u00e9dio da Receita Federal, em Santana do Ipanema, que foi cedido ao munic\u00edpio para instala\u00e7\u00e3o do Ponto de Atendimento Virtual (PAV) da Receita Federal PAV e da Central J\u00e1!.<\/p>\n<p>A visita aconteceu nesta quinta-feira (9), e contou com as presen\u00e7as do secret\u00e1rio executivo da Secretaria de Estado do Planejamento, Gest\u00e3o e Patrim\u00f4nio de Alagoas (Seplag), Jeferson Cerqueira e do superintendente das Centrais J\u00e1!, Jeferson Pereira e membros da equipe.<\/p>\n<p>Eles foram recebidos pela secret\u00e1ria de Governo, Renilde Bulh\u00f5es, pelo chefe de Gabinete, Jorge Santana e pela arquiteta, Renild Bulh\u00f5es. O presidente da C\u00e2mara de Vereadores, Moacir J\u00fanior, acompanhou a visita.<\/p>\n<p>A comitiva conheceu a estrutura e ficou encantada com a localiza\u00e7\u00e3o e a estrutura do espa\u00e7o, que em breve ir\u00e1 funcionar com diversos servi\u00e7os p\u00fablicos de forma integrada.<\/p>\n<p>A Central J\u00e1! \u00e9 uma unidade que funciona de forma integrada reunindo num mesmo espa\u00e7o f\u00edsico, diversos \u00f3rg\u00e3os, sendo um grande refor\u00e7o ao Ponto de Atendimento Virtual da Receita Federal (PAV). Com isso a popula\u00e7\u00e3o ter\u00e1 o acesso a v\u00e1rios servi\u00e7os p\u00fablicos de forma integrada.<\/p>\n<p>&nbsp;<\/p>\n<p>Com Assessoria&nbsp;<\/p>\n<span style=\"clear:both;display:none;\"><img src=\"http:\/\/www.muricionline.com.br\/novo\/wp-content\/plugins\/wp-spamfree\/img\/wpsf-img.php\" width=\"0\" height=\"0\" alt=\"\" style=\"border-style:none;width:0px;height:0px;display:none;\" \/><\/span>","protected":false},"excerpt":{"rendered":"<p>A Superintend\u00eancia das Centrais J\u00e1! visitou o pr\u00e9dio da Receita Federal, em Santana do Ipanema, que foi cedido ao munic\u00edpio para instala\u00e7\u00e3o do Ponto de Atendimento Virtual (PAV) da Receita Federal PAV e da Central J\u00e1!. A visita aconteceu nesta quinta-feira (9), e contou com as presen\u00e7as do secret\u00e1rio executivo da Secretaria de Estado do&#8230;<\/p>\n","protected":false},"author":1,"featured_media":19550,"comment_status":"open","ping_status":"open","sticky":false,"template":"","format":"standard","meta":{"footnotes":""},"categories":[1],"tags":[5],"_links":{"self":[{"href":"http:\/\/www.muricionline.com.br\/novo\/index.php?rest_route=\/wp\/v2\/posts\/19549"}],"collection":[{"href":"http:\/\/www.muricionline.com.br\/novo\/index.php?rest_route=\/wp\/v2\/posts"}],"about":[{"href":"http:\/\/www.muricionline.com.br\/novo\/index.php?rest_route=\/wp\/v2\/types\/post"}],"author":[{"embeddable":true,"href":"http:\/\/www.muricionline.com.br\/novo\/index.php?rest_route=\/wp\/v2\/users\/1"}],"replies":[{"embeddable":true,"href":"http:\/\/www.muricionline.com.br\/novo\/index.php?rest_route=%2Fwp%2Fv2%2Fcomments&post=19549"}],"version-history":[{"count":1,"href":"http:\/\/www.muricionline.com.br\/novo\/index.php?rest_route=\/wp\/v2\/posts\/19549\/revisions"}],"predecessor-version":[{"id":19551,"href":"http:\/\/www.muricionline.com.br\/novo\/index.php?rest_route=\/wp\/v2\/posts\/19549\/revisions\/19551"}],"wp:featuredmedia":[{"embeddable":true,"href":"http:\/\/www.muricionline.com.br\/novo\/index.php?rest_route=\/wp\/v2\/media\/19550"}],"wp:attachment":[{"href":"http:\/\/www.muricionline.com.br\/novo\/index.php?rest_route=%2Fwp%2Fv2%2Fmedia&parent=19549"}],"wp:term":[{"taxonomy":"category","embeddable":true,"href":"http:\/\/www.muricionline.com.br\/novo\/index.php?rest_route=%2Fwp%2Fv2%2Fcategories&post=19549"},{"taxonomy":"post_tag","embeddable":true,"href":"http:\/\/www.muricionline.com.br\/novo\/index.php?rest_route=%2Fwp%2Fv2%2Ftags&post=19549"}],"curies":[{"name":"wp","href":"https:\/\/api.w.org\/{rel}","templated":true}]}}