{"id":19565,"date":"2023-03-13T20:33:14","date_gmt":"2023-03-13T23:33:14","guid":{"rendered":"http:\/\/www.muricionline.com.br\/novo\/?p=19565"},"modified":"2023-03-13T20:33:14","modified_gmt":"2023-03-13T23:33:14","slug":"estudante-da-rede-municipal-de-branquinha-e-medalhista-de-bronze-na-olimpiada-alagoana-de-matematica","status":"publish","type":"post","link":"http:\/\/www.muricionline.com.br\/novo\/?p=19565","title":{"rendered":"Estudante da rede municipal de Branquinha \u00e9 medalhista de bronze na Olimp\u00edada Alagoana de Matem\u00e1tica"},"content":{"rendered":"<p>A Educa\u00e7\u00e3o de Branquinha mais uma vez foi destaque em uma competi\u00e7\u00e3o estadual. A estudante Ana Clara Silva de Melo, do 9\u00b0 ano da Escola Municipal Dem\u00f3crito Jos\u00e9, conquistou a medalha de bronze na Olimp\u00edada Alagoana de Matem\u00e1tica (OAM), organizada pelo Instituto de Matem\u00e1tica da Universidade Federal de Alagoas (IM\/Ufal). A solenidade de premia\u00e7\u00e3o aconteceu na \u00faltima semana, no audit\u00f3rio Oscar S\u00e1tyro do Instituto Federal de Educa\u00e7\u00e3o Tecnol\u00f3gica de Alagoas (Ifal), localizado no bairro do Po\u00e7o, em Macei\u00f3.<\/p>\n<p>A estudante que tamb\u00e9m j\u00e1 foi medalhista de ouro na Olimp\u00edada Brasileira de Astronomia e Astron\u00e1utica (OBA) e Olimp\u00edada Nacional de Efici\u00eancia Energ\u00e9tica (ONEE), esteve acompanhada do secret\u00e1rio de Educa\u00e7\u00e3o e de representantes da equipe t\u00e9cnica e pedag\u00f3gica da escola. Na oportunidade, o secret\u00e1rio Ednaldo Firmino, destacou o incentivo da gest\u00e3o em ofertar suporte aos alunos que participam das competi\u00e7\u00f5es.<\/p>\n<p>\u201cGra\u00e7as ao empenho e ao trabalho \u00e1rduo da gest\u00e3o do prefeito Neno Freitas, nossa Educa\u00e7\u00e3o tem alcan\u00e7ado grandes conquistas nos \u00faltimos anos. Os estudantes da rede municipal v\u00eam recebendo acompanhamento e suporte necess\u00e1rios para participar de grandes competi\u00e7\u00f5es a n\u00edvel estadual e nacional; e isso s\u00f3 \u00e9 poss\u00edvel, porque priorizamos essa \u00e1rea t\u00e3o importante para o desenvolvimento do munic\u00edpio. Parabenizamos a Ana Clara pela premia\u00e7\u00e3o e a toda equipe pedag\u00f3gica e t\u00e9cnica pelo suporte\u201d, finalizou.<\/p>\n<span style=\"clear:both;display:none;\"><img src=\"http:\/\/www.muricionline.com.br\/novo\/wp-content\/plugins\/wp-spamfree\/img\/wpsf-img.php\" width=\"0\" height=\"0\" alt=\"\" style=\"border-style:none;width:0px;height:0px;display:none;\" \/><\/span>","protected":false},"excerpt":{"rendered":"<p>A Educa\u00e7\u00e3o de Branquinha mais uma vez foi destaque em uma competi\u00e7\u00e3o estadual. A estudante Ana Clara Silva de Melo, do 9\u00b0 ano da Escola Municipal Dem\u00f3crito Jos\u00e9, conquistou a medalha de bronze na Olimp\u00edada Alagoana de Matem\u00e1tica (OAM), organizada pelo Instituto de Matem\u00e1tica da Universidade Federal de Alagoas (IM\/Ufal). A solenidade de premia\u00e7\u00e3o aconteceu&#8230;<\/p>\n","protected":false},"author":1,"featured_media":19566,"comment_status":"open","ping_status":"open","sticky":false,"template":"","format":"standard","meta":{"footnotes":""},"categories":[1],"tags":[5],"_links":{"self":[{"href":"http:\/\/www.muricionline.com.br\/novo\/index.php?rest_route=\/wp\/v2\/posts\/19565"}],"collection":[{"href":"http:\/\/www.muricionline.com.br\/novo\/index.php?rest_route=\/wp\/v2\/posts"}],"about":[{"href":"http:\/\/www.muricionline.com.br\/novo\/index.php?rest_route=\/wp\/v2\/types\/post"}],"author":[{"embeddable":true,"href":"http:\/\/www.muricionline.com.br\/novo\/index.php?rest_route=\/wp\/v2\/users\/1"}],"replies":[{"embeddable":true,"href":"http:\/\/www.muricionline.com.br\/novo\/index.php?rest_route=%2Fwp%2Fv2%2Fcomments&post=19565"}],"version-history":[{"count":1,"href":"http:\/\/www.muricionline.com.br\/novo\/index.php?rest_route=\/wp\/v2\/posts\/19565\/revisions"}],"predecessor-version":[{"id":19567,"href":"http:\/\/www.muricionline.com.br\/novo\/index.php?rest_route=\/wp\/v2\/posts\/19565\/revisions\/19567"}],"wp:featuredmedia":[{"embeddable":true,"href":"http:\/\/www.muricionline.com.br\/novo\/index.php?rest_route=\/wp\/v2\/media\/19566"}],"wp:attachment":[{"href":"http:\/\/www.muricionline.com.br\/novo\/index.php?rest_route=%2Fwp%2Fv2%2Fmedia&parent=19565"}],"wp:term":[{"taxonomy":"category","embeddable":true,"href":"http:\/\/www.muricionline.com.br\/novo\/index.php?rest_route=%2Fwp%2Fv2%2Fcategories&post=19565"},{"taxonomy":"post_tag","embeddable":true,"href":"http:\/\/www.muricionline.com.br\/novo\/index.php?rest_route=%2Fwp%2Fv2%2Ftags&post=19565"}],"curies":[{"name":"wp","href":"https:\/\/api.w.org\/{rel}","templated":true}]}}