{"id":19568,"date":"2023-03-13T23:07:25","date_gmt":"2023-03-14T02:07:25","guid":{"rendered":"http:\/\/www.muricionline.com.br\/novo\/?p=19568"},"modified":"2023-03-13T23:07:25","modified_gmt":"2023-03-14T02:07:25","slug":"paulo-dantas-faz-mudancas-na-equipe-economica-do-estado","status":"publish","type":"post","link":"http:\/\/www.muricionline.com.br\/novo\/?p=19568","title":{"rendered":"Paulo Dantas faz mudan\u00e7as na equipe econ\u00f4mica do Estado"},"content":{"rendered":"<p dir=\"ltr\">Em coletiva na manh\u00e3 desta segunda-feira (13), o governador de Alagoas, Paulo Dantas, anunciou a economista Renata dos Santos como nova secret\u00e1ria de Estado da Fazenda (Sefaz), no lugar de George Santoro, que aceitou uma nova miss\u00e3o em Bras\u00edlia. Renata dos Santos estava como secret\u00e1ria de Planejamento, Gest\u00e3o e Patrim\u00f4nio (Seplag) e antes, por seis anos, foi secret\u00e1ria especial do Tesouro. Na Seplag, assume o atual secret\u00e1rio especial da pasta, Gabriel Albino, que tem ampla experi\u00eancia na administra\u00e7\u00e3o p\u00fablica, inclusive na \u00e1rea de finan\u00e7as.<\/p>\n<p dir=\"ltr\">O governador Paulo Dantas elogiou o desempenho da equipe de Santoro e garantiu que est\u00e1 tranquilo com as trocas, assegurando que a pol\u00edtica fiscal do Estado continuar\u00e1 a mesma. \u201cEle fez um excelente e extraordin\u00e1rio trabalho. E eu sou extremamente grato pelo que fez, a transforma\u00e7\u00e3o na equipe econ\u00f4mica, sempre alinhada com os servidores. George cumpriu uma miss\u00e3o importante na Sefaz e completou um ciclo que trouxe equil\u00edbrio fiscal, tornando o Estado que mais investe com recursos pr\u00f3prios, reduzindo a d\u00edvida p\u00fablica e valorizando os servidores\u201d, declarou Paulo Dantas.<\/p>\n<p dir=\"ltr\">Durante o per\u00edodo em que esteve \u00e0 frente da Secretaria da Fazenda, George Santoro mudou a realidade econ\u00f4mica do Estado. A D\u00edvida Consolidada L\u00edquida de 167% foi reduzida para 54,9%, o que proporcionou ao Estado ter mais recursos em caixa, possibilitando mais investimentos, realiza\u00e7\u00e3o de concursos e reajustes salariais.<\/p>\n<p dir=\"ltr\">Ainda de acordo com o governador, a nova secret\u00e1ria da Fazenda, Renata dos Santos, teve um papel importante durante sua primeira passagem pela Sefaz &#8211; entre 2015 e 2022, como Secret\u00e1ria Executiva do Tesouro Estadual &#8211; e, posteriormente como Secret\u00e1ria da Seplag, onde foi respons\u00e1vel pela moderniza\u00e7\u00e3o da gest\u00e3o fiscal e reestrutura\u00e7\u00e3o do Estado, coordenando a execu\u00e7\u00e3o da Lei Delegada. Para o lugar de Renata, assume a pasta o atual secret\u00e1rio especial, Gabriel Albino, que est\u00e1 executando o Plano Plurianual (PPA), apontado como um dos mais modernos do pa\u00eds.<\/p>\n<p dir=\"ltr\"><img decoding=\"async\" src=\"http:\/\/alagoas.al.gov.br\/imagens\/conteudos\/19dbffd47f9d412fae83da997dbb2bc7\/\/13032023%20Coletiva%20Imprensa%20Economia%20Alagoas%20(PF)%20-32.jpg\"><\/p>\n<p dir=\"ltr\">\u201cRenata tem um curr\u00edculo invej\u00e1vel e sua compet\u00eancia \u00e9 mais que comprovada, sendo uma das principais respons\u00e1veis &#8211; ao lado do Santoro &#8211; pela moderniza\u00e7\u00e3o fiscal do Estado, que possibilitou Alagoas a arrecadar mais, diminuir sua d\u00edvida e ampliar a capacidade de investimento, colocando Alagoas no topo da lista dos Estados, proporcionalmente, que mais investiram sua receita corrente l\u00edquida em 2022. Ele [Gabriel Albino] \u00e9 um dos nossos melhores quadros. Vamos, agora, levar o Estado de Alagoas para um caminho pr\u00f3spero, que diminua desigualdades e que tenha capacidade de investir\u201d, concluiu o governador.<\/p>\n<p dir=\"ltr\">O ministro dos Transportes e ex-governador, Renan Filho, tamb\u00e9m esteve presente na coletiva de imprensa onde elogiou o governador Paulo Dantas pelas escolhas, que v\u00e3o dar continuidade aos avan\u00e7os que o Estado t\u00eam obtido nos \u00faltimos anos.<\/p>\n<p dir=\"ltr\"><img decoding=\"async\" src=\"http:\/\/alagoas.al.gov.br\/imagens\/conteudos\/19dbffd47f9d412fae83da997dbb2bc7\/\/13032023%20Coletiva%20Imprensa%20Economia%20Alagoas%20(PF)%20-22.jpg\"><\/p>\n<p dir=\"ltr\">\u201cQuero parabenizar o governador Paulo Dantas pelas escolhas, que s\u00e3o inteiramente t\u00e9cnicas e que s\u00e3o a certeza de que o Estado seguir\u00e1 crescendo e se mantendo firme economicamente, com planejamento, investindo cada vez mais e valorizando o servidor. Para o Governo Federal \u00e9 extremamente confort\u00e1vel investir recursos em um ente federativo que passa tanta credibilidade como Alagoas. Tenho certeza que os pr\u00f3ximos quatro anos ser\u00e3o de mais desenvolvimento e crescimento para Alagoas\u201d, destacou.<\/p>\n<p dir=\"ltr\">Em sua oportunidade, Renata dos Santos ressaltou estar tranquila ao assumir a Sefaz, por saber que a secretaria est\u00e1 estruturada, que passou por um processo de moderniza\u00e7\u00e3o nos \u00faltimos anos, que acabou sendo implantado pelas demais secretarias.<\/p>\n<p dir=\"ltr\"><img decoding=\"async\" src=\"http:\/\/alagoas.al.gov.br\/imagens\/conteudos\/19dbffd47f9d412fae83da997dbb2bc7\/\/13032023%20Coletiva%20Imprensa%20Economia%20Alagoas%20(PF)%20-41.jpg\"><\/p>\n<p dir=\"ltr\">\u201cEstou tranquila em assumir a Fazenda neste momento, pois teve um processo de moderniza\u00e7\u00e3o ao longo dos anos. Temos um grande projeto na parte tribut\u00e1ria e tenho certeza de que seguir com esse projeto vai contribuir bastante com o governador, para que a gente consiga manter o n\u00edvel de investimento. Estou feliz em voltar pra casa, animada, e, pela primeira vez, a Fazenda vai ser uma casa feminina. Acredito que vamos dar nossa cara. A Fazenda vai continuar no ritmo dela, mas com o meu jeito. Desejo boa sorte para o George e ao Gabriel. Tenho certeza de que ele vai ser um secret\u00e1rio de Planejamento excelente\u201d, ressaltou a nova secret\u00e1ria da Fazenda.<\/p>\n<p dir=\"ltr\"><img decoding=\"async\" src=\"http:\/\/alagoas.al.gov.br\/imagens\/conteudos\/19dbffd47f9d412fae83da997dbb2bc7\/\/13032023%20Coletiva%20Imprensa%20Economia%20Alagoas%20(PF)%20-42.jpg\"><\/p>\n<p dir=\"ltr\">J\u00e1 Gabriel Albino, que estava no cargo de secret\u00e1rio especial de Planejamento e Or\u00e7amento do pr\u00f3prio \u00f3rg\u00e3o, afirmou que a Seplag est\u00e1 pronta para decolar, e que j\u00e1 tem o projeto do PPA [Plano Plurianual]. \u201cO desafio maior vai ser o planejamento para os pr\u00f3ximos quatro anos de governo, ouvindo a popula\u00e7\u00e3o. \u00c9 o maior desafio da minha profiss\u00e3o como t\u00e9cnico. Sou grato e espero corresponder dentro das exig\u00eancias do governador e do povo alagoano. A hist\u00f3ria vai mostrar a virada de chave que ocorreu em Alagoas, que poucos Estados fizeram\u201d, disse.<\/p>\n<p dir=\"ltr\">Por fim, George Santoro agradeceu ao governador Paulo Dantas pela oportunidade de estar \u00e0 frente da Sefaz desde o in\u00edcio de sua gest\u00e3o e fez um breve resumo de como encontrou o estado quando assumiu em 2015. \u201cA organiza\u00e7\u00e3o financeira do Estado era muito ruim. N\u00e3o havia realidade cont\u00e1bil. \u00c9ramos o quinto mais endividado do Pa\u00eds e o mais pobre, com todos os indicadores sociais negativos, e agora somos refer\u00eancia nacional em capacidade de investimentos com recursos pr\u00f3prios\u201d, concluiu.<\/p>\n<p dir=\"ltr\"><b>Minicurr\u00edculos<\/b><\/p>\n<p dir=\"ltr\">Renata dos Santos \u00e9 natural do Rio de Janeiro, \u00e9 economista de forma\u00e7\u00e3o pela UFRJ e, atualmente, mestranda em Administra\u00e7\u00e3o P\u00fablica pela Fucape Business School.&nbsp; Em Alagoas, ocupou o cargo de superintendente de Pol\u00edtica Fiscal (2015 &#8211; 2016) e tamb\u00e9m atuou como secret\u00e1ria Estadual do Tesouro alagoano entre abril de 2016 e abril de 2022 na Sefaz. Desde maio de 2022 est\u00e1 como Secret\u00e1ria de Estado do Planejamento, Gest\u00e3o e Patrim\u00f4nio.<\/p>\n<p dir=\"ltr\">Gabriel Albino Ponciano Nepomuceno atuou como secret\u00e1rio especial de Planejamento e Or\u00e7amento da Seplag por tr\u00eas anos. Ele \u00e9 formado em Direito e faz mestrado em Administra\u00e7\u00e3o P\u00fablica pela Universidade Federal de Alagoas (Ufal).&nbsp;<\/p>\n<p dir=\"ltr\">Advogado por forma\u00e7\u00e3o, Gabriel acumula vasta experi\u00eancia nas \u00e1reas de Or\u00e7amento, Fazenda, Gest\u00e3o e Planejamento. Por mais de 12 anos, ele ocupou diversos cargos de lideran\u00e7a na Secretaria da Fazenda de Minas Gerais, seu estado de origem. Nela, Gabriel Albino atuou como superintendente de Gest\u00e3o e Finan\u00e7as, de 2018 a 2019, foi chefe da Administra\u00e7\u00e3o Fazend\u00e1ria em 2010, al\u00e9m de trabalhar por mais de tr\u00eas anos como diretor de Planejamento e Or\u00e7amento.<\/p>\n<p dir=\"ltr\">Com Ag\u00eancia Alagoas&nbsp;<\/p>\n<span style=\"clear:both;display:none;\"><img src=\"http:\/\/www.muricionline.com.br\/novo\/wp-content\/plugins\/wp-spamfree\/img\/wpsf-img.php\" width=\"0\" height=\"0\" alt=\"\" style=\"border-style:none;width:0px;height:0px;display:none;\" \/><\/span>","protected":false},"excerpt":{"rendered":"<p>Em coletiva na manh\u00e3 desta segunda-feira (13), o governador de Alagoas, Paulo Dantas, anunciou a economista Renata dos Santos como nova secret\u00e1ria de Estado da Fazenda (Sefaz), no lugar de George Santoro, que aceitou uma nova miss\u00e3o em Bras\u00edlia. Renata dos Santos estava como secret\u00e1ria de Planejamento, Gest\u00e3o e Patrim\u00f4nio (Seplag) e antes, por seis&#8230;<\/p>\n","protected":false},"author":1,"featured_media":19569,"comment_status":"open","ping_status":"open","sticky":false,"template":"","format":"standard","meta":{"footnotes":""},"categories":[7,1],"tags":[5],"_links":{"self":[{"href":"http:\/\/www.muricionline.com.br\/novo\/index.php?rest_route=\/wp\/v2\/posts\/19568"}],"collection":[{"href":"http:\/\/www.muricionline.com.br\/novo\/index.php?rest_route=\/wp\/v2\/posts"}],"about":[{"href":"http:\/\/www.muricionline.com.br\/novo\/index.php?rest_route=\/wp\/v2\/types\/post"}],"author":[{"embeddable":true,"href":"http:\/\/www.muricionline.com.br\/novo\/index.php?rest_route=\/wp\/v2\/users\/1"}],"replies":[{"embeddable":true,"href":"http:\/\/www.muricionline.com.br\/novo\/index.php?rest_route=%2Fwp%2Fv2%2Fcomments&post=19568"}],"version-history":[{"count":1,"href":"http:\/\/www.muricionline.com.br\/novo\/index.php?rest_route=\/wp\/v2\/posts\/19568\/revisions"}],"predecessor-version":[{"id":19570,"href":"http:\/\/www.muricionline.com.br\/novo\/index.php?rest_route=\/wp\/v2\/posts\/19568\/revisions\/19570"}],"wp:featuredmedia":[{"embeddable":true,"href":"http:\/\/www.muricionline.com.br\/novo\/index.php?rest_route=\/wp\/v2\/media\/19569"}],"wp:attachment":[{"href":"http:\/\/www.muricionline.com.br\/novo\/index.php?rest_route=%2Fwp%2Fv2%2Fmedia&parent=19568"}],"wp:term":[{"taxonomy":"category","embeddable":true,"href":"http:\/\/www.muricionline.com.br\/novo\/index.php?rest_route=%2Fwp%2Fv2%2Fcategories&post=19568"},{"taxonomy":"post_tag","embeddable":true,"href":"http:\/\/www.muricionline.com.br\/novo\/index.php?rest_route=%2Fwp%2Fv2%2Ftags&post=19568"}],"curies":[{"name":"wp","href":"https:\/\/api.w.org\/{rel}","templated":true}]}}