{"id":19572,"date":"2023-03-14T12:11:32","date_gmt":"2023-03-14T15:11:32","guid":{"rendered":"http:\/\/www.muricionline.com.br\/novo\/?p=19572"},"modified":"2023-03-14T12:11:32","modified_gmt":"2023-03-14T15:11:32","slug":"murici-lanca-escola-de-linguas-nesta-quarta-feira-15","status":"publish","type":"post","link":"http:\/\/www.muricionline.com.br\/novo\/?p=19572","title":{"rendered":"Murici lan\u00e7a Escola de L\u00ednguas nesta quarta-feira (15)"},"content":{"rendered":"<div>Iniciativa tem como foco trabalhar a educa\u00e7\u00e3o voltada ao mercado de trabalho, ofertando mais oportunidades aos alunos da rede municipal de ensino<\/div>\n<div>\n<div>Prefeitura de Murici, por meio da Secretaria de Educa\u00e7\u00e3o, vai lan\u00e7ar, nesta quarta-feira (15), a Escola de L\u00ednguas de Murici. A iniciativa tem como foco trabalhar a educa\u00e7\u00e3o voltada ao mercado de trabalho, ofertando mais oportunidades aos alunos da rede p\u00fablica municipal de ensino.<\/div>\n<div dir=\"ltr\">&nbsp;<\/div>\n<div>\u201cTrata-se de um projeto vision\u00e1rio, que vai oferecer ao mercado profissionais capacitados e que tenham uma vis\u00e3o de mundo, por meio de uma educa\u00e7\u00e3o voltada ao trabalho e ao crescimento humano\u201d, explica o prefeito de Murici, Olavo Neto.<\/div>\n<div dir=\"ltr\">&nbsp;<\/div>\n<div>O lan\u00e7amento da Escola de L\u00ednguas de Murici vai acontecer nesta quarta-feira (15), a partir das 15 horas. A unidade multidisciplinar foi criada como primeira a\u00e7\u00e3o do programa de estrutura\u00e7\u00e3o da Escola do Futuro de Murici.<\/div>\n<div dir=\"ltr\">&nbsp;<\/div>\n<div>A iniciativa se prop\u00f5e a ser um referencial de inova\u00e7\u00e3o e acesso ao aprendizado de novas l\u00ednguas e idiomas, a exemplo do Espanhol, Ingl\u00eas e Libras (L\u00edngua Brasileira de Sinais).<\/div>\n<\/div>\n<span style=\"clear:both;display:none;\"><img src=\"http:\/\/www.muricionline.com.br\/novo\/wp-content\/plugins\/wp-spamfree\/img\/wpsf-img.php\" width=\"0\" height=\"0\" alt=\"\" style=\"border-style:none;width:0px;height:0px;display:none;\" \/><\/span>","protected":false},"excerpt":{"rendered":"<p>Iniciativa tem como foco trabalhar a educa\u00e7\u00e3o voltada ao mercado de trabalho, ofertando mais oportunidades aos alunos da rede municipal de ensino Prefeitura de Murici, por meio da Secretaria de Educa\u00e7\u00e3o, vai lan\u00e7ar, nesta quarta-feira (15), a Escola de L\u00ednguas de Murici. A iniciativa tem como foco trabalhar a educa\u00e7\u00e3o voltada ao mercado de trabalho,&#8230;<\/p>\n","protected":false},"author":1,"featured_media":19573,"comment_status":"open","ping_status":"open","sticky":false,"template":"","format":"standard","meta":{"footnotes":""},"categories":[7,1],"tags":[5],"_links":{"self":[{"href":"http:\/\/www.muricionline.com.br\/novo\/index.php?rest_route=\/wp\/v2\/posts\/19572"}],"collection":[{"href":"http:\/\/www.muricionline.com.br\/novo\/index.php?rest_route=\/wp\/v2\/posts"}],"about":[{"href":"http:\/\/www.muricionline.com.br\/novo\/index.php?rest_route=\/wp\/v2\/types\/post"}],"author":[{"embeddable":true,"href":"http:\/\/www.muricionline.com.br\/novo\/index.php?rest_route=\/wp\/v2\/users\/1"}],"replies":[{"embeddable":true,"href":"http:\/\/www.muricionline.com.br\/novo\/index.php?rest_route=%2Fwp%2Fv2%2Fcomments&post=19572"}],"version-history":[{"count":1,"href":"http:\/\/www.muricionline.com.br\/novo\/index.php?rest_route=\/wp\/v2\/posts\/19572\/revisions"}],"predecessor-version":[{"id":19574,"href":"http:\/\/www.muricionline.com.br\/novo\/index.php?rest_route=\/wp\/v2\/posts\/19572\/revisions\/19574"}],"wp:featuredmedia":[{"embeddable":true,"href":"http:\/\/www.muricionline.com.br\/novo\/index.php?rest_route=\/wp\/v2\/media\/19573"}],"wp:attachment":[{"href":"http:\/\/www.muricionline.com.br\/novo\/index.php?rest_route=%2Fwp%2Fv2%2Fmedia&parent=19572"}],"wp:term":[{"taxonomy":"category","embeddable":true,"href":"http:\/\/www.muricionline.com.br\/novo\/index.php?rest_route=%2Fwp%2Fv2%2Fcategories&post=19572"},{"taxonomy":"post_tag","embeddable":true,"href":"http:\/\/www.muricionline.com.br\/novo\/index.php?rest_route=%2Fwp%2Fv2%2Ftags&post=19572"}],"curies":[{"name":"wp","href":"https:\/\/api.w.org\/{rel}","templated":true}]}}