{"id":19581,"date":"2023-03-15T08:19:50","date_gmt":"2023-03-15T11:19:50","guid":{"rendered":"http:\/\/www.muricionline.com.br\/novo\/?p=19581"},"modified":"2023-03-16T23:38:38","modified_gmt":"2023-03-17T02:38:38","slug":"cachoeira-da-cascata-e-pedra-do-bonito-novas-atracoes-das-serras-de-murici","status":"publish","type":"post","link":"http:\/\/www.muricionline.com.br\/novo\/?p=19581","title":{"rendered":"Cachoeira da Cascata e Pedra do Bonito: novas atra\u00e7\u00f5es das serras de Murici"},"content":{"rendered":"<p>A reportagem da Tribuna Independente e TV Tribuna foi convidada a conhecer e des- bravar as duas novas atra\u00e7\u00f5es tur\u00edsticas que est\u00e3o surgindo nas serras dominadas pela Mata Atl\u00e2ntica em Murici. Com acesso de carro pelo povoado Ba- naneiras, bem no alto da serra, com apenas 12 casas de traba- lhadores, distante meia hora da cidade, entre estradas rurais e muitas subidas, s\u00e3o atra\u00e7\u00f5es para quem ama as trilhas e o desafio em meio a natureza, atra\u00e7\u00f5es que v\u00e3o desenvolver o turismo ecol\u00f3gico rural da regi\u00e3o.<\/p>\n<p>O primeiro desafio, a Ca- choeira da Cascata, \u00e9 uma trilha de m\u00e9dia dificuldade, com uma longa subida e caminhada em meio ao mato e a Mata Atl\u00e2n- tica, com mais ou menos uma hora de caminhada. J\u00e1 a Pedra do Bonito, \u00e9 uma trilha mais f\u00e1cil, com apenas meia hora de caminhada, pedras que s\u00e3o vis\u00edveis do povoado. Mas a primeira parada \u00e9 na Casa Aventuris, um projeto familiar da empres\u00e1ria Andreia Cristina, que se lan\u00e7ou como um ponto de apoio para trilhas ecol\u00f3gicas e oferecendo uma nova experi\u00eancia tur\u00edstica.<\/p>\n<p>As duas atra\u00e7\u00f5es, que est\u00e3o localizadas na serra da Bana- neira, em Murici, um dos pontos mais altos da Zona da Mata ala- goana, \u00e9 mais um refor\u00e7o que se junta ao para\u00edso ecol\u00f3gico da re- gi\u00e3o e um novo atrativo a ser ex- plorado pelo turismo de aventu- ra. O acesso \u00e0 cachoeira \u00e9 longo, mas pode facilmente ser vencido com uma hora de caminhada. A cachoeira, que se forma h\u00e1 10 quil\u00f4metros da nascente, \u00e9 um prolongamento dos rios Retiro e Jaqueira e que vai desaguar no rio Munda\u00fa. Muita \u00e1gua bro- tando de nascentes, vegeta\u00e7\u00e3o fechada e um incr\u00edvel panora- ma fazem parte do roteiro. J\u00e1 a Pedra do Bonito, de f\u00e1cil acesso, com meia hora de subida, \u00e9 um local que, de noite, se pode ver as luzes das cidades de Macei\u00f3, Messias, Murici e Branquinha.<\/p>\n<p><a href=\"http:\/\/www.muricionline.com.br\/novo\/wp-content\/uploads\/2023\/03\/58E94795-44B1-4467-BAFC-BECC53C1FA40.jpeg\"><img loading=\"lazy\" decoding=\"async\" class=\"aligncenter size-full wp-image-19582\" src=\"http:\/\/www.muricionline.com.br\/novo\/wp-content\/uploads\/2023\/03\/58E94795-44B1-4467-BAFC-BECC53C1FA40.jpeg\" alt=\"\" width=\"5184\" height=\"3456\" srcset=\"http:\/\/www.muricionline.com.br\/novo\/wp-content\/uploads\/2023\/03\/58E94795-44B1-4467-BAFC-BECC53C1FA40.jpeg 5184w, http:\/\/www.muricionline.com.br\/novo\/wp-content\/uploads\/2023\/03\/58E94795-44B1-4467-BAFC-BECC53C1FA40-250x167.jpeg 250w, http:\/\/www.muricionline.com.br\/novo\/wp-content\/uploads\/2023\/03\/58E94795-44B1-4467-BAFC-BECC53C1FA40-768x512.jpeg 768w, http:\/\/www.muricionline.com.br\/novo\/wp-content\/uploads\/2023\/03\/58E94795-44B1-4467-BAFC-BECC53C1FA40-400x267.jpeg 400w\" sizes=\"(max-width: 5184px) 100vw, 5184px\" \/><\/a><\/p>\n<p>As duas novas atra\u00e7\u00f5es foram reveladas pela Casa Aven- turis, projeto que pretende te levar para fazer trilhas e viven- ciar a natureza em busca de no- vas experi\u00eancias desafiantes e, no meio da imensid\u00e3o do verde, se encantar com uma obra de arte viva, interativa e que serve aos prop\u00f3sitos dos turistas mais diversos. A Casa, al\u00e9m de servir de ponto de apoio para trilhas ecol\u00f3gicas, oferecendo refei\u00e7\u00f5es, \u00e9 uma nova experi\u00eancia tur\u00edsti- ca que se une ao combo cachoei- ra da Cascata e a vista panor\u00e2- mica da Pedra do Bonito.<\/p>\n<p><a href=\"http:\/\/www.muricionline.com.br\/novo\/wp-content\/uploads\/2023\/03\/45119276-24DB-4055-9E1A-AB339BE18EFA.jpeg\"><img loading=\"lazy\" decoding=\"async\" class=\"aligncenter size-full wp-image-19583\" src=\"http:\/\/www.muricionline.com.br\/novo\/wp-content\/uploads\/2023\/03\/45119276-24DB-4055-9E1A-AB339BE18EFA.jpeg\" alt=\"\" width=\"1600\" height=\"1066\" srcset=\"http:\/\/www.muricionline.com.br\/novo\/wp-content\/uploads\/2023\/03\/45119276-24DB-4055-9E1A-AB339BE18EFA.jpeg 1600w, http:\/\/www.muricionline.com.br\/novo\/wp-content\/uploads\/2023\/03\/45119276-24DB-4055-9E1A-AB339BE18EFA-250x167.jpeg 250w, http:\/\/www.muricionline.com.br\/novo\/wp-content\/uploads\/2023\/03\/45119276-24DB-4055-9E1A-AB339BE18EFA-768x512.jpeg 768w, http:\/\/www.muricionline.com.br\/novo\/wp-content\/uploads\/2023\/03\/45119276-24DB-4055-9E1A-AB339BE18EFA-400x267.jpeg 400w\" sizes=\"(max-width: 1600px) 100vw, 1600px\" \/><\/a><\/p>\n<p>No ambiente, que funciona no sistema de day use, \u00e9 pos- s\u00edvel descansar e se alimentar com refei\u00e7\u00f5es regionais prepa- radas por mulheres do local. A anfitri\u00e3, Andreia, \u00e9 quem cuida do espa\u00e7o e recepciona os turis- tas que se encantam com a cons- tru\u00e7\u00e3o r\u00fastica da casa, objetos antigos reutilizados e itens de artesanato, como os do artes\u00e3o Adelmo, que de troncos de ma- deira encontrados produz lindas pe\u00e7as com imagens de p\u00e1ssaros.<\/p>\n<p>Por Claudio Bulgarelli \u2013 Sucursal Regi\u00e3o Norte com Tribuna Independente<br \/>\nFoto: Edilson Omena&nbsp;<\/p>\n<span style=\"clear:both;display:none;\"><img src=\"http:\/\/www.muricionline.com.br\/novo\/wp-content\/plugins\/wp-spamfree\/img\/wpsf-img.php\" width=\"0\" height=\"0\" alt=\"\" style=\"border-style:none;width:0px;height:0px;display:none;\" \/><\/span>","protected":false},"excerpt":{"rendered":"<p>A reportagem da Tribuna Independente e TV Tribuna foi convidada a conhecer e des- bravar as duas novas atra\u00e7\u00f5es tur\u00edsticas que est\u00e3o surgindo nas serras dominadas pela Mata Atl\u00e2ntica em Murici. Com acesso de carro pelo povoado Ba- naneiras, bem no alto da serra, com apenas 12 casas de traba- lhadores, distante meia hora da&#8230;<\/p>\n","protected":false},"author":1,"featured_media":19584,"comment_status":"open","ping_status":"open","sticky":false,"template":"","format":"standard","meta":{"footnotes":""},"categories":[7,1],"tags":[5],"_links":{"self":[{"href":"http:\/\/www.muricionline.com.br\/novo\/index.php?rest_route=\/wp\/v2\/posts\/19581"}],"collection":[{"href":"http:\/\/www.muricionline.com.br\/novo\/index.php?rest_route=\/wp\/v2\/posts"}],"about":[{"href":"http:\/\/www.muricionline.com.br\/novo\/index.php?rest_route=\/wp\/v2\/types\/post"}],"author":[{"embeddable":true,"href":"http:\/\/www.muricionline.com.br\/novo\/index.php?rest_route=\/wp\/v2\/users\/1"}],"replies":[{"embeddable":true,"href":"http:\/\/www.muricionline.com.br\/novo\/index.php?rest_route=%2Fwp%2Fv2%2Fcomments&post=19581"}],"version-history":[{"count":3,"href":"http:\/\/www.muricionline.com.br\/novo\/index.php?rest_route=\/wp\/v2\/posts\/19581\/revisions"}],"predecessor-version":[{"id":19587,"href":"http:\/\/www.muricionline.com.br\/novo\/index.php?rest_route=\/wp\/v2\/posts\/19581\/revisions\/19587"}],"wp:featuredmedia":[{"embeddable":true,"href":"http:\/\/www.muricionline.com.br\/novo\/index.php?rest_route=\/wp\/v2\/media\/19584"}],"wp:attachment":[{"href":"http:\/\/www.muricionline.com.br\/novo\/index.php?rest_route=%2Fwp%2Fv2%2Fmedia&parent=19581"}],"wp:term":[{"taxonomy":"category","embeddable":true,"href":"http:\/\/www.muricionline.com.br\/novo\/index.php?rest_route=%2Fwp%2Fv2%2Fcategories&post=19581"},{"taxonomy":"post_tag","embeddable":true,"href":"http:\/\/www.muricionline.com.br\/novo\/index.php?rest_route=%2Fwp%2Fv2%2Ftags&post=19581"}],"curies":[{"name":"wp","href":"https:\/\/api.w.org\/{rel}","templated":true}]}}