{"id":19590,"date":"2023-03-16T23:48:18","date_gmt":"2023-03-17T02:48:18","guid":{"rendered":"http:\/\/www.muricionline.com.br\/novo\/?p=19590"},"modified":"2023-03-16T23:48:18","modified_gmt":"2023-03-17T02:48:18","slug":"prefeitura-de-murici-lanca-escola-de-linguas-com-ensino-de-idiomas-para-alunos-da-rede-municipal","status":"publish","type":"post","link":"http:\/\/www.muricionline.com.br\/novo\/?p=19590","title":{"rendered":"Prefeitura de Murici lan\u00e7a Escola de L\u00ednguas com ensino de idiomas para alunos da rede municipal"},"content":{"rendered":"<p>A Prefeitura de Murici, por meio da Secretaria Municipal de Educa\u00e7\u00e3o, lan\u00e7ou nesta quarta-feira (15), a Escola de L\u00ednguas de Murici, iniciativa que vai ofertar ensino de ingl\u00eas e espanhol para alunos do 7\u2070 ao 9\u2070 ano da rede p\u00fablica municipal. O evento de lan\u00e7amento aconteceu no Audit\u00f3rio da Prefeitura e contou com a presen\u00e7a do prefeito Olavo Neto, do vice Remi Filho, secret\u00e1rios, diretores escolares e pol\u00edticos.<\/p>\n<p>A Escola de L\u00ednguas de Murici vai proporcionar o aprendizado de idiomas por meio de uma metodologia inovadora de ensino e professores com alta experi\u00eancia e titula\u00e7\u00e3o acad\u00eamica.<\/p>\n<p>\u201cAprender uma nova l\u00edngua \u00e9 essencial para o desenvolvimento social e profissional dos estudantes. Esse \u00e9 um projeto vision\u00e1rio da nossa gest\u00e3o para capacitar o jovem muriciense a enfrentar o mercado de trabalho, que est\u00e1 cada vez mais competitivo\u201d, explicou o prefeito Olavo Neto. Ainda de acordo com o gestor, a Escola de L\u00ednguas de Murici vai possibilitar o interc\u00e2mbio de alunos com bom desempenho e profici\u00eancia durante os estudos, para que possam vivenciar a cultura e a literatura de outros pa\u00edses.<\/p>\n<p>Al\u00e9m dos cursos de idiomas para os estudantes da rede, tamb\u00e9m ser\u00e3o ofertadas vagas de Libras (L\u00edngua Brasileira de Sinais) para professores e servidores da Secretaria de Educa\u00e7\u00e3o.<\/p>\n<p>_Texto Erick Luisi \/ Fotos Jailson Col\u00e1cio (Ascom Prefeitura de Murici)_<\/p>\n<span style=\"clear:both;display:none;\"><img src=\"http:\/\/www.muricionline.com.br\/novo\/wp-content\/plugins\/wp-spamfree\/img\/wpsf-img.php\" width=\"0\" height=\"0\" alt=\"\" style=\"border-style:none;width:0px;height:0px;display:none;\" \/><\/span>","protected":false},"excerpt":{"rendered":"<p>A Prefeitura de Murici, por meio da Secretaria Municipal de Educa\u00e7\u00e3o, lan\u00e7ou nesta quarta-feira (15), a Escola de L\u00ednguas de Murici, iniciativa que vai ofertar ensino de ingl\u00eas e espanhol para alunos do 7\u2070 ao 9\u2070 ano da rede p\u00fablica municipal. O evento de lan\u00e7amento aconteceu no Audit\u00f3rio da Prefeitura e contou com a presen\u00e7a&#8230;<\/p>\n","protected":false},"author":1,"featured_media":19592,"comment_status":"open","ping_status":"open","sticky":false,"template":"","format":"standard","meta":{"footnotes":""},"categories":[1],"tags":[],"_links":{"self":[{"href":"http:\/\/www.muricionline.com.br\/novo\/index.php?rest_route=\/wp\/v2\/posts\/19590"}],"collection":[{"href":"http:\/\/www.muricionline.com.br\/novo\/index.php?rest_route=\/wp\/v2\/posts"}],"about":[{"href":"http:\/\/www.muricionline.com.br\/novo\/index.php?rest_route=\/wp\/v2\/types\/post"}],"author":[{"embeddable":true,"href":"http:\/\/www.muricionline.com.br\/novo\/index.php?rest_route=\/wp\/v2\/users\/1"}],"replies":[{"embeddable":true,"href":"http:\/\/www.muricionline.com.br\/novo\/index.php?rest_route=%2Fwp%2Fv2%2Fcomments&post=19590"}],"version-history":[{"count":1,"href":"http:\/\/www.muricionline.com.br\/novo\/index.php?rest_route=\/wp\/v2\/posts\/19590\/revisions"}],"predecessor-version":[{"id":19591,"href":"http:\/\/www.muricionline.com.br\/novo\/index.php?rest_route=\/wp\/v2\/posts\/19590\/revisions\/19591"}],"wp:featuredmedia":[{"embeddable":true,"href":"http:\/\/www.muricionline.com.br\/novo\/index.php?rest_route=\/wp\/v2\/media\/19592"}],"wp:attachment":[{"href":"http:\/\/www.muricionline.com.br\/novo\/index.php?rest_route=%2Fwp%2Fv2%2Fmedia&parent=19590"}],"wp:term":[{"taxonomy":"category","embeddable":true,"href":"http:\/\/www.muricionline.com.br\/novo\/index.php?rest_route=%2Fwp%2Fv2%2Fcategories&post=19590"},{"taxonomy":"post_tag","embeddable":true,"href":"http:\/\/www.muricionline.com.br\/novo\/index.php?rest_route=%2Fwp%2Fv2%2Ftags&post=19590"}],"curies":[{"name":"wp","href":"https:\/\/api.w.org\/{rel}","templated":true}]}}