{"id":19593,"date":"2023-03-17T00:05:58","date_gmt":"2023-03-17T03:05:58","guid":{"rendered":"http:\/\/www.muricionline.com.br\/novo\/?p=19593"},"modified":"2023-03-17T00:05:58","modified_gmt":"2023-03-17T03:05:58","slug":"governo-de-alagoas-e-ufal-firmam-parceria-para-realizacao-da-10a-bienal-do-livro","status":"publish","type":"post","link":"http:\/\/www.muricionline.com.br\/novo\/?p=19593","title":{"rendered":"Governo de Alagoas e Ufal firmam parceria para realiza\u00e7\u00e3o da 10\u00aa Bienal do Livro"},"content":{"rendered":"<p>O Governo de Alagoas ser\u00e1 o grande parceiro no retorno do maior evento cultural e liter\u00e1rio do estado: a Bienal Internacional do Livro de Alagoas, que ter\u00e1 sua 10\u00aa edi\u00e7\u00e3o entre os dias 11 e 20 de agosto no Centro de Conven\u00e7\u00f5es em Macei\u00f3. O governador Paulo Dantas recebeu nesta ter\u00e7a-feira (14), o reitor da Universidade Federal de Alagoas (Ufal), Josealdo Tonholo, para firmar a parceria para a realiza\u00e7\u00e3o deste importante evento.&nbsp;<\/p>\n<p>\u201cN\u00f3s vamos dar todo o suporte financeiro, t\u00e9cnico, de log\u00edstica, e o que se fizer necess\u00e1rio e com muito entusiasmo. O governo vai unir todas as for\u00e7as e esfor\u00e7os para que a Bienal seja um verdadeiro sucesso\u201d, disse o governador, destacando as potencialidades do evento.&nbsp;O reitor Josealdo Tonholo agradeceu a parceria com o Governo de Alagoas e projetou que essa ser\u00e1 a Bienal da retomada \u201cdo jeito que o povo alagoano gosta e merece\u201d.<\/p>\n<p><img decoding=\"async\" src=\"http:\/\/alagoas.al.gov.br\/imagens\/conteudos\/c2fff32abf863a0a9fee1fbe898db598\/\/14-03-2023%20Paulo%20Dantas%20-%20Bienal%20(FB)-12.jpg\"><br \/>\n\u201cSer\u00e1 uma bienal marcante e que ter\u00e1 como tema Defender a Vida, Proteger o Planeta e Humanizar a Sociedade. Mais de 400 mil pessoas devem circular por l\u00e1 e vai ser efetivamente o maior evento do estado\u201d, pontou o reitor que convidou o governador para ser o padrinho da Bienal.&nbsp;\u201cUm governo que respeita a ci\u00eancia, a tecnologia, a educa\u00e7\u00e3o e a cultura. A Ufal tem orgulho de ser parceira do governo do estado e que \u00e9 o seu parceiro preferencial\u201d, completou.<\/p>\n<p>A coordenadora-geral da 10\u00aa Bienal do Livro de Alagoas, Sheila Maluf, destacou que ser\u00e3o gerados aproximadamente 700 empregos durante a Bienal. Com uma estimativa tamb\u00e9m de comercializa\u00e7\u00e3o de R$ 5 milh\u00f5es e mais de 10 mil pessoas capacitadas.&nbsp;&nbsp;\u201cPorque teremos oficinas, mesas redondas, fora as jornadas que tamb\u00e9m ter\u00e3o certificados. Tudo isso gratuito para a sociedade alagoana. O governo ter\u00e1 diversos estandes, como a&nbsp; Biblioteca P\u00fablica com a Secult, Imprensa Oficial Graciliano Ramos, Uneal, Seduc, Arquivo P\u00fablico com o Gabinete Civil, Seplag, Fapeal e R\u00e1dio Educativa\u201d.<br \/>\n<img decoding=\"async\" src=\"http:\/\/alagoas.al.gov.br\/imagens\/conteudos\/c2fff32abf863a0a9fee1fbe898db598\/\/14-03-2023%20Paulo%20Dantas%20-%20Bienal%20(FB)-16.jpg\"><\/p>\n<p><b>RETOMADA<\/b><br \/>\nA secret\u00e1ria de Estado da Cultura, Melina Freitas, ressaltou que ser\u00e1 uma retomada extremamente importante da Bienal do Livro.&nbsp;&nbsp;\u201cN\u00f3s temos uma experi\u00eancia j\u00e1 de parceria com a Ufal e considero esse momento determinante para o sucesso da pr\u00f3xima bienal. N\u00e3o tenho d\u00favida que realizaremos mais uma vez um grande evento. Temos um governador que \u00e9 parceiro e demonstra todo o interesse em dar o protagonismo para a educa\u00e7\u00e3o, a cultura, a ci\u00eancia e tecnologia e acredito que a experi\u00eancia de participar e promover essa experi\u00eancia para os alunos da rede p\u00fablica, da rede privada e de estudantes do ensino superior \u00e9 uma experi\u00eancia \u00fanica. Vamos tornar essa bienal um s\u00edmbolo de toda a consci\u00eancia que tem a cultura e a educa\u00e7\u00e3o para esse governo\u201d.<\/p>\n<p>De acordo com o secret\u00e1rio de Estado da Educa\u00e7\u00e3o, Marcius Beltr\u00e3o, a bienal \u00e9 um evento que fomenta a curiosidade das crian\u00e7as, dos jovens em procurar a leitura.&nbsp;\u201cVou sugerir a equipe da Seduc de tentar transformar pelo menos dois dias letivos em visita a bienal do livro nas escolas demonstrando o quanto o governo de Alagoas apoia a cultura, a leitura, a arte e a alfabetiza\u00e7\u00e3o\u201d.&nbsp;<\/p>\n<p>O secret\u00e1rio de Comunica\u00e7\u00e3o, Joaldo Cavalcante, ao destacar a import\u00e2ncia do evento, que segundo ele \u00e9 refer\u00eancia na arte e na literatura, disse que esteve recentemente conversando com o diretor-presidente da Imprensa Oficial, Maur\u00edcio Bugarin e tomou conhecimento que \u201cteremos 12 t\u00edtulos para serem lan\u00e7ados atrav\u00e9s da bienal com 80% desses t\u00edtulos de autoras alagoanas\u201d, e sugeriu que com isso se formasse uma comiss\u00e3o por parte do governo do estado para definir a programa\u00e7\u00e3o visual dos estandes, com uma linguagem \u00fanica de participa\u00e7\u00e3o para \u201cque a gente possa potencializar a nossa participa\u00e7\u00e3o\u201d.<\/p>\n<p>Estiveram no ato que formalizou a parceria, as secret\u00e1rias Luiza Barreiros (Gabinete Civil);&nbsp; Renata dos Santos (Fazenda); Gabriel Albino (Planejamento), al\u00e9m do suplente de senador Rafael Ten\u00f3rio, e representantes da Ufal.<\/p>\n<span style=\"clear:both;display:none;\"><img src=\"http:\/\/www.muricionline.com.br\/novo\/wp-content\/plugins\/wp-spamfree\/img\/wpsf-img.php\" width=\"0\" height=\"0\" alt=\"\" style=\"border-style:none;width:0px;height:0px;display:none;\" \/><\/span>","protected":false},"excerpt":{"rendered":"<p>O Governo de Alagoas ser\u00e1 o grande parceiro no retorno do maior evento cultural e liter\u00e1rio do estado: a Bienal Internacional do Livro de Alagoas, que ter\u00e1 sua 10\u00aa edi\u00e7\u00e3o entre os dias 11 e 20 de agosto no Centro de Conven\u00e7\u00f5es em Macei\u00f3. O governador Paulo Dantas recebeu nesta ter\u00e7a-feira (14), o reitor da&#8230;<\/p>\n","protected":false},"author":1,"featured_media":19594,"comment_status":"open","ping_status":"open","sticky":false,"template":"","format":"standard","meta":{"footnotes":""},"categories":[1],"tags":[5],"_links":{"self":[{"href":"http:\/\/www.muricionline.com.br\/novo\/index.php?rest_route=\/wp\/v2\/posts\/19593"}],"collection":[{"href":"http:\/\/www.muricionline.com.br\/novo\/index.php?rest_route=\/wp\/v2\/posts"}],"about":[{"href":"http:\/\/www.muricionline.com.br\/novo\/index.php?rest_route=\/wp\/v2\/types\/post"}],"author":[{"embeddable":true,"href":"http:\/\/www.muricionline.com.br\/novo\/index.php?rest_route=\/wp\/v2\/users\/1"}],"replies":[{"embeddable":true,"href":"http:\/\/www.muricionline.com.br\/novo\/index.php?rest_route=%2Fwp%2Fv2%2Fcomments&post=19593"}],"version-history":[{"count":1,"href":"http:\/\/www.muricionline.com.br\/novo\/index.php?rest_route=\/wp\/v2\/posts\/19593\/revisions"}],"predecessor-version":[{"id":19595,"href":"http:\/\/www.muricionline.com.br\/novo\/index.php?rest_route=\/wp\/v2\/posts\/19593\/revisions\/19595"}],"wp:featuredmedia":[{"embeddable":true,"href":"http:\/\/www.muricionline.com.br\/novo\/index.php?rest_route=\/wp\/v2\/media\/19594"}],"wp:attachment":[{"href":"http:\/\/www.muricionline.com.br\/novo\/index.php?rest_route=%2Fwp%2Fv2%2Fmedia&parent=19593"}],"wp:term":[{"taxonomy":"category","embeddable":true,"href":"http:\/\/www.muricionline.com.br\/novo\/index.php?rest_route=%2Fwp%2Fv2%2Fcategories&post=19593"},{"taxonomy":"post_tag","embeddable":true,"href":"http:\/\/www.muricionline.com.br\/novo\/index.php?rest_route=%2Fwp%2Fv2%2Ftags&post=19593"}],"curies":[{"name":"wp","href":"https:\/\/api.w.org\/{rel}","templated":true}]}}