{"id":19601,"date":"2023-03-17T09:20:30","date_gmt":"2023-03-17T12:20:30","guid":{"rendered":"http:\/\/www.muricionline.com.br\/novo\/?p=19601"},"modified":"2023-03-17T09:22:35","modified_gmt":"2023-03-17T12:22:35","slug":"santana-do-ipanema-sedia-o-i-encontro-regional-sobre-a-politica-de-assistencia-social","status":"publish","type":"post","link":"http:\/\/www.muricionline.com.br\/novo\/?p=19601","title":{"rendered":"Santana do Ipanema sedia o I Encontro Regional sobre a pol\u00edtica de Assist\u00eancia Social"},"content":{"rendered":"<p>O munic\u00edpio de Santana do Ipanema sediou nesta quinta-feira (16), o I Encontro Regional do m\u00e9dio e alto sert\u00e3o sobre a pol\u00edtica de Assist\u00eancia Social, evento promovido pelo Governo de Alagoas, por meio da &nbsp;Secretaria de Estado da Assist\u00eancia e Desenvolvimento Social (Seades), em parceria com a Prefeitura.<\/p>\n<p>O encontro contou com as presen\u00e7as da prefeita de Santana do Ipanema, anfitri\u00e3 do evento, Christiane Bulh\u00f5es, da secret\u00e1ria de Estado da Assist\u00eancia Social, K\u00e1tia Born, o secret\u00e1rio de estado da Sa\u00fade, Gustavo Pontes de Miranda, vereadores, secret\u00e1rios municipais e profissionais do Sistema \u00danico de Assist\u00eancia Social (Suas) de 22 munic\u00edpios do alto e m\u00e9dio sert\u00e3o alagoano.<\/p>\n<p>O Territ\u00f3rio para o Suas foi um dos temas abordados em um momento de troca de experi\u00eancias entre os t\u00e9cnicos e busca de novas propostas para o fortalecimento da Assist\u00eancia Social.<\/p>\n<p>Christiane Bulh\u00f5es agradeceu ao governador&nbsp;Paulo Dantas, \u00e0 secret\u00e1ria K\u00e1tia Born e toda a equipe da&nbsp;Seads pela iniciativa t\u00e3o importante de fortalecer o di\u00e1logo com os munic\u00edpios e ver de perto as necessidades. \u201cCom o apoio do&nbsp;Governo de Alagoas, do presidente Lula e do deputado federal Isnaldo Bulh\u00f5es, n\u00f3s cuidar especialmente daqueles que mais precisam e avan\u00e7ar cada dia mais no combate \u00e0 fome e \u00e0s desigualdades\u201d, afirmou a prefeita.<\/p>\n<p>&nbsp;<\/p>\n<p>Com Assessoria&nbsp;<\/p>\n<span style=\"clear:both;display:none;\"><img src=\"http:\/\/www.muricionline.com.br\/novo\/wp-content\/plugins\/wp-spamfree\/img\/wpsf-img.php\" width=\"0\" height=\"0\" alt=\"\" style=\"border-style:none;width:0px;height:0px;display:none;\" \/><\/span>","protected":false},"excerpt":{"rendered":"<p>O munic\u00edpio de Santana do Ipanema sediou nesta quinta-feira (16), o I Encontro Regional do m\u00e9dio e alto sert\u00e3o sobre a pol\u00edtica de Assist\u00eancia Social, evento promovido pelo Governo de Alagoas, por meio da &nbsp;Secretaria de Estado da Assist\u00eancia e Desenvolvimento Social (Seades), em parceria com a Prefeitura. O encontro contou com as presen\u00e7as da&#8230;<\/p>\n","protected":false},"author":1,"featured_media":19602,"comment_status":"open","ping_status":"open","sticky":false,"template":"","format":"standard","meta":{"footnotes":""},"categories":[1],"tags":[5],"_links":{"self":[{"href":"http:\/\/www.muricionline.com.br\/novo\/index.php?rest_route=\/wp\/v2\/posts\/19601"}],"collection":[{"href":"http:\/\/www.muricionline.com.br\/novo\/index.php?rest_route=\/wp\/v2\/posts"}],"about":[{"href":"http:\/\/www.muricionline.com.br\/novo\/index.php?rest_route=\/wp\/v2\/types\/post"}],"author":[{"embeddable":true,"href":"http:\/\/www.muricionline.com.br\/novo\/index.php?rest_route=\/wp\/v2\/users\/1"}],"replies":[{"embeddable":true,"href":"http:\/\/www.muricionline.com.br\/novo\/index.php?rest_route=%2Fwp%2Fv2%2Fcomments&post=19601"}],"version-history":[{"count":1,"href":"http:\/\/www.muricionline.com.br\/novo\/index.php?rest_route=\/wp\/v2\/posts\/19601\/revisions"}],"predecessor-version":[{"id":19603,"href":"http:\/\/www.muricionline.com.br\/novo\/index.php?rest_route=\/wp\/v2\/posts\/19601\/revisions\/19603"}],"wp:featuredmedia":[{"embeddable":true,"href":"http:\/\/www.muricionline.com.br\/novo\/index.php?rest_route=\/wp\/v2\/media\/19602"}],"wp:attachment":[{"href":"http:\/\/www.muricionline.com.br\/novo\/index.php?rest_route=%2Fwp%2Fv2%2Fmedia&parent=19601"}],"wp:term":[{"taxonomy":"category","embeddable":true,"href":"http:\/\/www.muricionline.com.br\/novo\/index.php?rest_route=%2Fwp%2Fv2%2Fcategories&post=19601"},{"taxonomy":"post_tag","embeddable":true,"href":"http:\/\/www.muricionline.com.br\/novo\/index.php?rest_route=%2Fwp%2Fv2%2Ftags&post=19601"}],"curies":[{"name":"wp","href":"https:\/\/api.w.org\/{rel}","templated":true}]}}