{"id":19607,"date":"2023-03-17T09:35:02","date_gmt":"2023-03-17T12:35:02","guid":{"rendered":"http:\/\/www.muricionline.com.br\/novo\/?p=19607"},"modified":"2023-03-17T09:35:02","modified_gmt":"2023-03-17T12:35:02","slug":"assistencia-social-de-santana-do-mundau-promove-capacitacao-para-profissionais","status":"publish","type":"post","link":"http:\/\/www.muricionline.com.br\/novo\/?p=19607","title":{"rendered":"Assist\u00eancia Social de Santana do Munda\u00fa promove capacita\u00e7\u00e3o para profissionais"},"content":{"rendered":"<p>Na noite desta quarta-feira (15), os profissionais que integram os \u00f3rg\u00e3os e programas socioassistenciais da Assist\u00eancia Social do munic\u00edpio de Santana do Munda\u00fa, participaram de um importante encontro repleto de conhecimento, aprendizado e muita intera\u00e7\u00e3o. Com o tema \u201cMudar para transformar &#8211; seja a mudan\u00e7a que voc\u00ea quer no mundo\u201d, a capacita\u00e7\u00e3o realizada pela prefeitura, atrav\u00e9s da Secretaria e em parceria com as empresas Acertar e Prosperar Consultoria, teve foco no desenvolvimento humano.<\/p>\n<p>\u201cP\u00f3s pandemia estamos encarando uma nova realidade, onde os cuidados e aten\u00e7\u00e3o com os grupos assistidos e beneficiados dos programas sociais, precisa ser ainda maior. Por isso, desenvolvemos essa iniciativa, de modo que de forma muito din\u00e2mica e objetiva, nossos profissionais sejam capacitados para as atividades que ser\u00e3o implementadas ao longo do ano\u201d, explicou a secret\u00e1ria de Assist\u00eancia Social, Lara Cavalcante.<\/p>\n<p>A primeira-dama Katherine Farias participou do encontro e ressaltou a import\u00e2ncia da a\u00e7\u00e3o. \u201cFoi um momento de grande aprendizado para todos os participantes presentes e, com certeza, os conhecimentos adquiridos qualificar\u00e3o os servi\u00e7os e todas as a\u00e7\u00f5es da Assist\u00eancia Social no nosso munic\u00edpio\u201d, disse.<\/p>\n<p>O showman Marlon Rossy, eleito o maior humorista do Brasil, abrilhantou o evento com suas perfomances. Os vereadores Genor e Egberto Batista; o secret\u00e1rio de educa\u00e7\u00e3o, Andr\u00e9 Castro e membros do Conselho Tutelar, tamb\u00e9m prestigiaram a programa\u00e7\u00e3o.<\/p>\n<p>&nbsp;<\/p>\n<p>Com Assessoria&nbsp;<\/p>\n<span style=\"clear:both;display:none;\"><img src=\"http:\/\/www.muricionline.com.br\/novo\/wp-content\/plugins\/wp-spamfree\/img\/wpsf-img.php\" width=\"0\" height=\"0\" alt=\"\" style=\"border-style:none;width:0px;height:0px;display:none;\" \/><\/span>","protected":false},"excerpt":{"rendered":"<p>Na noite desta quarta-feira (15), os profissionais que integram os \u00f3rg\u00e3os e programas socioassistenciais da Assist\u00eancia Social do munic\u00edpio de Santana do Munda\u00fa, participaram de um importante encontro repleto de conhecimento, aprendizado e muita intera\u00e7\u00e3o. Com o tema \u201cMudar para transformar &#8211; seja a mudan\u00e7a que voc\u00ea quer no mundo\u201d, a capacita\u00e7\u00e3o realizada pela prefeitura,&#8230;<\/p>\n","protected":false},"author":1,"featured_media":19608,"comment_status":"open","ping_status":"open","sticky":false,"template":"","format":"standard","meta":{"footnotes":""},"categories":[1],"tags":[5],"_links":{"self":[{"href":"http:\/\/www.muricionline.com.br\/novo\/index.php?rest_route=\/wp\/v2\/posts\/19607"}],"collection":[{"href":"http:\/\/www.muricionline.com.br\/novo\/index.php?rest_route=\/wp\/v2\/posts"}],"about":[{"href":"http:\/\/www.muricionline.com.br\/novo\/index.php?rest_route=\/wp\/v2\/types\/post"}],"author":[{"embeddable":true,"href":"http:\/\/www.muricionline.com.br\/novo\/index.php?rest_route=\/wp\/v2\/users\/1"}],"replies":[{"embeddable":true,"href":"http:\/\/www.muricionline.com.br\/novo\/index.php?rest_route=%2Fwp%2Fv2%2Fcomments&post=19607"}],"version-history":[{"count":1,"href":"http:\/\/www.muricionline.com.br\/novo\/index.php?rest_route=\/wp\/v2\/posts\/19607\/revisions"}],"predecessor-version":[{"id":19609,"href":"http:\/\/www.muricionline.com.br\/novo\/index.php?rest_route=\/wp\/v2\/posts\/19607\/revisions\/19609"}],"wp:featuredmedia":[{"embeddable":true,"href":"http:\/\/www.muricionline.com.br\/novo\/index.php?rest_route=\/wp\/v2\/media\/19608"}],"wp:attachment":[{"href":"http:\/\/www.muricionline.com.br\/novo\/index.php?rest_route=%2Fwp%2Fv2%2Fmedia&parent=19607"}],"wp:term":[{"taxonomy":"category","embeddable":true,"href":"http:\/\/www.muricionline.com.br\/novo\/index.php?rest_route=%2Fwp%2Fv2%2Fcategories&post=19607"},{"taxonomy":"post_tag","embeddable":true,"href":"http:\/\/www.muricionline.com.br\/novo\/index.php?rest_route=%2Fwp%2Fv2%2Ftags&post=19607"}],"curies":[{"name":"wp","href":"https:\/\/api.w.org\/{rel}","templated":true}]}}