{"id":19628,"date":"2023-03-20T19:55:10","date_gmt":"2023-03-20T22:55:10","guid":{"rendered":"http:\/\/www.muricionline.com.br\/novo\/?p=19628"},"modified":"2023-03-21T07:54:53","modified_gmt":"2023-03-21T10:54:53","slug":"paulo-dantas-assina-duas-ordens-de-servicos-importantes-para-sao-jose-da-laje","status":"publish","type":"post","link":"http:\/\/www.muricionline.com.br\/novo\/?p=19628","title":{"rendered":"Paulo Dantas assina duas Ordens de Servi\u00e7os importantes para S\u00e3o Jos\u00e9 da Laje"},"content":{"rendered":"<p>Neste domingo (19\/3), o governador de Alagoas, <a href=\"https:\/\/www.br104.com.br\/tag\/paulo-dantas\/\"><strong>Paulo Dantas<\/strong><\/a> (MDB), assinou duas Ordens de Servi\u00e7os (OS) no munic\u00edpio de S\u00e3o Jos\u00e9 da Laje, localizado a cerca de 100 km de <a href=\"https:\/\/www.br104.com.br\/tag\/maceio\/\"><strong>Macei\u00f3<\/strong><\/a>.<\/p>\n<p>As assinaturas aconteceram durante as celebra\u00e7\u00f5es do Dia de S\u00e3o Jos\u00e9, padroeiro da cidade, e no anivers\u00e1rio do pr\u00f3prio governador. O Programa Pr\u00f3-Estrada \u00e9 respons\u00e1vel por ambas as obras e \u00e9 considerado uma revolu\u00e7\u00e3o no investimento das estradas em todo o Estado.<\/p>\n<p>A primeira ordem autoriza o in\u00edcio das obras de recupera\u00e7\u00e3o da estrada que liga o centro de S\u00e3o Jos\u00e9 da Laje ao povoado Caruru e ao assentamento Caldeir\u00f5es. Com extens\u00e3o de 15 km, o investimento ser\u00e1 de R$ 4 milh\u00f5es do Tesouro estadual.<\/p>\n<div class=\"code-block code-block-8\">\n<div>&nbsp;<\/div>\n<\/div>\n<p>Em seguida, foi assinada a ordem de servi\u00e7o para a recupera\u00e7\u00e3o de 5,3 km de rodovia que d\u00e1 acesso \u00e0 Usina Serra Grande ao entroncamento com a BR-104. A obra, tamb\u00e9m do Pr\u00f3-Estrada, tem um investimento de cerca de R$ 10 milh\u00f5es.<\/p>\n<div id=\"attachment_145666\" class=\"wp-caption alignnone\">\n<p><img loading=\"lazy\" decoding=\"async\" class=\"size-full wp-image-145666\" src=\"https:\/\/www.br104.com.br\/wp-content\/uploads\/2023\/03\/Governador-de-Alagoas-durante-assinatura-de-ordens-de-servicos.jpg\" sizes=\"(max-width: 1280px) 100vw, 1280px\" srcset=\"https:\/\/www.br104.com.br\/wp-content\/uploads\/2023\/03\/Governador-de-Alagoas-durante-assinatura-de-ordens-de-servicos.jpg 1280w, https:\/\/www.br104.com.br\/wp-content\/uploads\/2023\/03\/Governador-de-Alagoas-durante-assinatura-de-ordens-de-servicos-300x199.jpg 300w, https:\/\/www.br104.com.br\/wp-content\/uploads\/2023\/03\/Governador-de-Alagoas-durante-assinatura-de-ordens-de-servicos-1024x680.jpg 1024w, https:\/\/www.br104.com.br\/wp-content\/uploads\/2023\/03\/Governador-de-Alagoas-durante-assinatura-de-ordens-de-servicos-768x510.jpg 768w\" alt=\"Governador de Alagoas durante assinatura de ordens de servic\u0327os | \u00a9 Ascom \/ Governo de Alagoas\" width=\"1280\" height=\"850\" aria-describedby=\"caption-attachment-145666\"><\/p>\n<p id=\"caption-attachment-145666\" class=\"wp-caption-text\">Governador de Alagoas durante assinatura de ordens de servic\u0327os | \u00a9 Ascom \/ Governo de Alagoas<\/p>\n<\/div>\n<p>Durante a solenidade, o governador destacou que as obras dar\u00e3o mais mobilidade urbana e rural \u00e0 popula\u00e7\u00e3o, oferecendo mais emprego e renda para o munic\u00edpio. Al\u00e9m disso, ele ressaltou a import\u00e2ncia de acelerar as obras para evitar danos \u00e0 popula\u00e7\u00e3o durante o per\u00edodo das chuvas, que historicamente afetam S\u00e3o Jos\u00e9 da Laje.<\/p>\n<p>O secret\u00e1rio de Desenvolvimento Transporte e Desenvolvimento Urbano, Mosart Amaral, afirmou que o Programa Pr\u00f3-Estrada \u00e9 uma revolu\u00e7\u00e3o no investimento das estradas em todo o Estado de Alagoas, onde o poder p\u00fablico antes n\u00e3o chegava.<\/p>\n<p>A vereadora Fabr\u00edcia Vera, que fez a peti\u00e7\u00e3o das obras, representando a C\u00e2mara de Vereadores do munic\u00edpio, agradeceu ao governador pelas ordens de servi\u00e7o e ressaltou que as obras v\u00e3o aliviar o sofrimento provocado pelas chuvas.<\/p>\n<div id=\"attachment_145667\" class=\"wp-caption alignnone\">\n<p><img loading=\"lazy\" decoding=\"async\" class=\"size-full wp-image-145667\" src=\"https:\/\/www.br104.com.br\/wp-content\/uploads\/2023\/03\/Governador-de-Alagoas-em-Sao-Jose-da-Laje-.jpg\" sizes=\"(max-width: 1280px) 100vw, 1280px\" srcset=\"https:\/\/www.br104.com.br\/wp-content\/uploads\/2023\/03\/Governador-de-Alagoas-em-Sao-Jose-da-Laje-.jpg 1280w, https:\/\/www.br104.com.br\/wp-content\/uploads\/2023\/03\/Governador-de-Alagoas-em-Sao-Jose-da-Laje--300x199.jpg 300w, https:\/\/www.br104.com.br\/wp-content\/uploads\/2023\/03\/Governador-de-Alagoas-em-Sao-Jose-da-Laje--1024x680.jpg 1024w, https:\/\/www.br104.com.br\/wp-content\/uploads\/2023\/03\/Governador-de-Alagoas-em-Sao-Jose-da-Laje--768x510.jpg 768w\" alt=\"Governador de Alagoas em Sa\u0303o Jose\u0301 da Laje | \u00a9 Ascom \/ Governo de Alagoas\" width=\"1280\" height=\"850\" aria-describedby=\"caption-attachment-145667\"><\/p>\n<p id=\"caption-attachment-145667\" class=\"wp-caption-text\">Governador de Alagoas em Sa\u0303o Jose\u0301 da Laje | \u00a9 Ascom \/ Governo de Alagoas<\/p>\n<\/div>\n<p>Al\u00e9m do governador Paulo Dantas, estiveram presentes na solenidade a secret\u00e1ria Extraordin\u00e1ria da Primeira Inf\u00e2ncia, Paula Dantas, o diretor-presidente do DER, Helder Gazzaneo, o prefeito de Uni\u00e3o dos Palmares, Kil Freitas, vereadores e outras personalidades.<\/p>\n<p>Com as obras, espera-se melhorar a qualidade de vida da popula\u00e7\u00e3o de S\u00e3o Jos\u00e9 da Laje e garantir mais seguran\u00e7a durante o per\u00edodo das chuvas.<\/p>\n<span style=\"clear:both;display:none;\"><img src=\"http:\/\/www.muricionline.com.br\/novo\/wp-content\/plugins\/wp-spamfree\/img\/wpsf-img.php\" width=\"0\" height=\"0\" alt=\"\" style=\"border-style:none;width:0px;height:0px;display:none;\" \/><\/span>","protected":false},"excerpt":{"rendered":"<p>Neste domingo (19\/3), o governador de Alagoas, Paulo Dantas (MDB), assinou duas Ordens de Servi\u00e7os (OS) no munic\u00edpio de S\u00e3o Jos\u00e9 da Laje, localizado a cerca de 100 km de Macei\u00f3. As assinaturas aconteceram durante as celebra\u00e7\u00f5es do Dia de S\u00e3o Jos\u00e9, padroeiro da cidade, e no anivers\u00e1rio do pr\u00f3prio governador. O Programa Pr\u00f3-Estrada \u00e9&#8230;<\/p>\n","protected":false},"author":1,"featured_media":19631,"comment_status":"open","ping_status":"open","sticky":false,"template":"","format":"standard","meta":{"footnotes":""},"categories":[7,1],"tags":[5],"_links":{"self":[{"href":"http:\/\/www.muricionline.com.br\/novo\/index.php?rest_route=\/wp\/v2\/posts\/19628"}],"collection":[{"href":"http:\/\/www.muricionline.com.br\/novo\/index.php?rest_route=\/wp\/v2\/posts"}],"about":[{"href":"http:\/\/www.muricionline.com.br\/novo\/index.php?rest_route=\/wp\/v2\/types\/post"}],"author":[{"embeddable":true,"href":"http:\/\/www.muricionline.com.br\/novo\/index.php?rest_route=\/wp\/v2\/users\/1"}],"replies":[{"embeddable":true,"href":"http:\/\/www.muricionline.com.br\/novo\/index.php?rest_route=%2Fwp%2Fv2%2Fcomments&post=19628"}],"version-history":[{"count":2,"href":"http:\/\/www.muricionline.com.br\/novo\/index.php?rest_route=\/wp\/v2\/posts\/19628\/revisions"}],"predecessor-version":[{"id":19630,"href":"http:\/\/www.muricionline.com.br\/novo\/index.php?rest_route=\/wp\/v2\/posts\/19628\/revisions\/19630"}],"wp:featuredmedia":[{"embeddable":true,"href":"http:\/\/www.muricionline.com.br\/novo\/index.php?rest_route=\/wp\/v2\/media\/19631"}],"wp:attachment":[{"href":"http:\/\/www.muricionline.com.br\/novo\/index.php?rest_route=%2Fwp%2Fv2%2Fmedia&parent=19628"}],"wp:term":[{"taxonomy":"category","embeddable":true,"href":"http:\/\/www.muricionline.com.br\/novo\/index.php?rest_route=%2Fwp%2Fv2%2Fcategories&post=19628"},{"taxonomy":"post_tag","embeddable":true,"href":"http:\/\/www.muricionline.com.br\/novo\/index.php?rest_route=%2Fwp%2Fv2%2Ftags&post=19628"}],"curies":[{"name":"wp","href":"https:\/\/api.w.org\/{rel}","templated":true}]}}