{"id":19632,"date":"2023-03-20T20:21:19","date_gmt":"2023-03-20T23:21:19","guid":{"rendered":"http:\/\/www.muricionline.com.br\/novo\/?p=19632"},"modified":"2023-03-21T07:54:31","modified_gmt":"2023-03-21T10:54:31","slug":"profissionais-da-saude-de-branquinha-participam-de-capacitacao-sobre-manejo-de-traumas","status":"publish","type":"post","link":"http:\/\/www.muricionline.com.br\/novo\/?p=19632","title":{"rendered":"Profissionais da Sa\u00fade de Branquinha participam de capacita\u00e7\u00e3o sobre manejo de traumas"},"content":{"rendered":"<p>Em mais uma iniciativa que visa melhorar os servi\u00e7os ofertados \u00e0 popula\u00e7\u00e3o, a Prefeitura de Branquinha, atrav\u00e9s da Secretaria de Sa\u00fade, promoveu uma capacita\u00e7\u00e3o de atendimento pr\u00e9-hospitalar (APH) para v\u00edtimas de trauma grave. Durante dois dias, enfermeiros, t\u00e9cnicos em enfermagem e condutores de ambul\u00e2ncias, participaram de aulas pr\u00e1ticas e simula\u00e7\u00e3o em atendimento, que contou com demonstra\u00e7\u00f5es de manobras de ressuscita\u00e7\u00e3o em crian\u00e7as e adultos; imobiliza\u00e7\u00e3o e transporte em maca para resgate da v\u00edtima, al\u00e9m de outras t\u00e9cnicas para garantir atendimento \u00e0s v\u00edtimas.<\/p>\n<p>O secret\u00e1rio de Sa\u00fade, Renato Purifica\u00e7\u00e3o, destacou a import\u00e2ncia da iniciativa que al\u00e9m de garantir mais treinamento aos profissionais, tem como objetivo, prestar atendimento r\u00e1pido e preciso aos pacientes de urg\u00eancia e emerg\u00eancia.<\/p>\n<p>\u201cCom a realiza\u00e7\u00e3o do treinamento de atualiza\u00e7\u00e3o das pr\u00e1ticas e dos manejos de traumas, estamos ampliando os conhecimentos para que os nossos profissionais possam realizar durante a rotina de trabalho, atendimentos qualificados de urg\u00eancia e emerg\u00eancia, at\u00e9 que o paciente chegue at\u00e9 uma unidade de sa\u00fade e seja atendido. Dessa forma, garantimos aos branquinhenses um atendimento ainda mais qualificado e humanizado. Investir na capacita\u00e7\u00e3o das nossas equipes, tamb\u00e9m faz parte do pacote de a\u00e7\u00f5es de valoriza\u00e7\u00e3o do servidor que adotamos na gest\u00e3o do prefeito Neno Freitas\u201d, disse.<\/p>\n<p>&nbsp;<\/p>\n<p>Com Assessoria&nbsp;<\/p>\n<span style=\"clear:both;display:none;\"><img src=\"http:\/\/www.muricionline.com.br\/novo\/wp-content\/plugins\/wp-spamfree\/img\/wpsf-img.php\" width=\"0\" height=\"0\" alt=\"\" style=\"border-style:none;width:0px;height:0px;display:none;\" \/><\/span>","protected":false},"excerpt":{"rendered":"<p>Em mais uma iniciativa que visa melhorar os servi\u00e7os ofertados \u00e0 popula\u00e7\u00e3o, a Prefeitura de Branquinha, atrav\u00e9s da Secretaria de Sa\u00fade, promoveu uma capacita\u00e7\u00e3o de atendimento pr\u00e9-hospitalar (APH) para v\u00edtimas de trauma grave. Durante dois dias, enfermeiros, t\u00e9cnicos em enfermagem e condutores de ambul\u00e2ncias, participaram de aulas pr\u00e1ticas e simula\u00e7\u00e3o em atendimento, que contou com&#8230;<\/p>\n","protected":false},"author":1,"featured_media":19633,"comment_status":"open","ping_status":"open","sticky":false,"template":"","format":"standard","meta":{"footnotes":""},"categories":[1],"tags":[5],"_links":{"self":[{"href":"http:\/\/www.muricionline.com.br\/novo\/index.php?rest_route=\/wp\/v2\/posts\/19632"}],"collection":[{"href":"http:\/\/www.muricionline.com.br\/novo\/index.php?rest_route=\/wp\/v2\/posts"}],"about":[{"href":"http:\/\/www.muricionline.com.br\/novo\/index.php?rest_route=\/wp\/v2\/types\/post"}],"author":[{"embeddable":true,"href":"http:\/\/www.muricionline.com.br\/novo\/index.php?rest_route=\/wp\/v2\/users\/1"}],"replies":[{"embeddable":true,"href":"http:\/\/www.muricionline.com.br\/novo\/index.php?rest_route=%2Fwp%2Fv2%2Fcomments&post=19632"}],"version-history":[{"count":1,"href":"http:\/\/www.muricionline.com.br\/novo\/index.php?rest_route=\/wp\/v2\/posts\/19632\/revisions"}],"predecessor-version":[{"id":19634,"href":"http:\/\/www.muricionline.com.br\/novo\/index.php?rest_route=\/wp\/v2\/posts\/19632\/revisions\/19634"}],"wp:featuredmedia":[{"embeddable":true,"href":"http:\/\/www.muricionline.com.br\/novo\/index.php?rest_route=\/wp\/v2\/media\/19633"}],"wp:attachment":[{"href":"http:\/\/www.muricionline.com.br\/novo\/index.php?rest_route=%2Fwp%2Fv2%2Fmedia&parent=19632"}],"wp:term":[{"taxonomy":"category","embeddable":true,"href":"http:\/\/www.muricionline.com.br\/novo\/index.php?rest_route=%2Fwp%2Fv2%2Fcategories&post=19632"},{"taxonomy":"post_tag","embeddable":true,"href":"http:\/\/www.muricionline.com.br\/novo\/index.php?rest_route=%2Fwp%2Fv2%2Ftags&post=19632"}],"curies":[{"name":"wp","href":"https:\/\/api.w.org\/{rel}","templated":true}]}}