{"id":19638,"date":"2023-03-21T08:09:14","date_gmt":"2023-03-21T11:09:14","guid":{"rendered":"http:\/\/www.muricionline.com.br\/novo\/?p=19638"},"modified":"2023-03-21T08:09:18","modified_gmt":"2023-03-21T11:09:18","slug":"ssp-vai-ampliar-acoes-preventivas-para-combater-crimes-contra-mulher-em-parceria-com-a-ama","status":"publish","type":"post","link":"http:\/\/www.muricionline.com.br\/novo\/?p=19638","title":{"rendered":"SSP vai ampliar a\u00e7\u00f5es preventivas para combater crimes contra mulher em parceria com a AMA"},"content":{"rendered":"<p>Alagoas ganhou mais uma importante a\u00e7\u00e3o para ajudar no combate \u00e0 viol\u00eancia contra a mulher em todo o Estado. A Secretaria de Estado da Seguran\u00e7a P\u00fablica e a Associa\u00e7\u00e3o dos Munic\u00edpios Alagoanos (AMA) assinaram, na manh\u00e3 desta segunda-feira (20), um termo de parceria para a realiza\u00e7\u00e3o de um trabalho preventivo conjunto.<\/p>\n<p><img decoding=\"async\" src=\"http:\/\/alagoas.al.gov.br\/imagens\/conteudos\/f00a96255a3c0e6590c5f41c001634a0\/\/image_50442241.JPG\"><\/p>\n<p>O lan\u00e7amento do Programa Mulher Segura nos Munic\u00edpios, que tem como principal objetivo a execu\u00e7\u00e3o de pol\u00edticas de preven\u00e7\u00e3o voltadas \u00e0 redu\u00e7\u00e3o dos \u00edndices de viol\u00eancia de g\u00eanero sofrida pelo p\u00fablico feminino, ocorreu no audit\u00f3rio da sede da AMA, com a presen\u00e7a de representantes as 102 cidades alagoanas.<\/p>\n<p>Para a coordenadora da Comiss\u00e3o Mulher Segura da SSP, tenente-coronel Camila Paiva, inicialmente os trabalhos v\u00e3o ser concentrados no cumprimento \u00e0s exig\u00eancias estabelecidas a partir das mudan\u00e7as na Lei de Diretrizes e Bases da Educa\u00e7\u00e3o Nacional, que incluiu conte\u00fado sobre preven\u00e7\u00e3o da viol\u00eancia contra a mulher nos curr\u00edculos da educa\u00e7\u00e3o b\u00e1sica.<\/p>\n<p>\u201cQueremos refor\u00e7ar junto aos munic\u00edpios a import\u00e2ncia desse trabalho preventivo nas escolas e, com isso, a partir do momento em que a Prefeitura assine o termo de parceria indicando o interesse em levar o programa para sua cidade, iniciaremos uma capacita\u00e7\u00e3o junto \u00e0s unidades escolares. Vamos trabalhar as formas de preven\u00e7\u00e3o e combate com os coordenadores pedag\u00f3gicos, que ser\u00e3o multiplicadores junto aos docentes e discentes, com quem tamb\u00e9m teremos contato com palestras e oficinas\u201d, afirmou a oficial que vai coordenar o programa pela SSP.<\/p>\n<p><img decoding=\"async\" src=\"http:\/\/alagoas.al.gov.br\/imagens\/conteudos\/f00a96255a3c0e6590c5f41c001634a0\/\/image_50447361.JPG\"><\/p>\n<p>Um dos munic\u00edpios que j\u00e1 demonstrou interesse em encaminhar a a\u00e7\u00e3o efetiva de combate aos crimes de viol\u00eancia de g\u00eanero para as escolas locais \u00e9 Tanque d\u2019Arca. Durante o lan\u00e7amento do Programa, a secret\u00e1ria da Mulher da cidade, Adriana Wanderley, falou da import\u00e2ncia do trabalho.<\/p>\n<p>\u201c\u00c9 um grande e importante trabalho que vai nos ajudar no interior. Muitas vezes, as mulheres, principalmente as mais carentes, s\u00e3o muito dependentes de seus companheiros, e isso faz com que elas se calem. E tendo esse acompanhamento e suporte de voc\u00eas, a gente acredita que ir\u00e1 encoraj\u00e1-las a n\u00e3o serem t\u00e3o submissas e a denunciar os crimes que por ventura vierem a sofrer\u201d, disse Adriana. Ela afirmou ainda que a prefeitura j\u00e1 vem ressoando cursos de qualifica\u00e7\u00e3o para tornar as mulheres mais independentes financeiramente. O prefeito de Tanque d\u2019Arca, Wilm\u00e1rio Valen\u00e7a J\u00fanior, tamb\u00e9m esteve presente na solenidade.<\/p>\n<p>A primeira-dama de Alagoas, Marina Dantas, que tamb\u00e9m \u00e9 prefeita de Batalha, refor\u00e7ou a import\u00e2ncia do programa preventivo para a redu\u00e7\u00e3o da viol\u00eancia em Alagoas. \u201c\u00c9 uma iniciativa maravilhosa, pois n\u00f3s, mulheres, sabemos o quanto \u00e9 importante para aquelas que v\u00eam sofrendo h\u00e1 anos, caladas. Eu como defensora das mulheres, apoio e muito a causa. Se n\u00e3o tiver uma pol\u00edtica p\u00fablica s\u00e9ria, comprometida, que v\u00e1 atr\u00e1s de socorrer essas mulheres contra seus agressores, se n\u00e3o tivermos essa parceria com a Secretaria da Seguran\u00e7a P\u00fablica, estaremos sempre muito vulner\u00e1veis. Eu acredito que os munic\u00edpios ir\u00e3o se unir e aderir a esse programa t\u00e3o bonito&#8221;, afirmou Marina.<\/p>\n<p>A vice-presidente da AMA e prefeita de Senador Rui Palmeira, Jeane Moura, destacou a uni\u00e3o de for\u00e7as para que o trabalho preventivo comece ainda na inf\u00e2ncia. \u201cUma a\u00e7\u00e3o conjunta que vai resultar em bons frutos. Que a gente possa conscientizar todos os prefeitos pela import\u00e2ncia de aderir a este programa, que visa atuar no combate \u00e0 viol\u00eancia dentro das escolas\u201d, disse ela.<\/p>\n<p><img decoding=\"async\" src=\"http:\/\/alagoas.al.gov.br\/imagens\/conteudos\/f00a96255a3c0e6590c5f41c001634a0\/\/image_50744321.JPG\"><\/p>\n<p>Ap\u00f3s o trabalho inicial, a meta \u00e9 que a capacita\u00e7\u00e3o tamb\u00e9m seja destinada aos agentes das Guardas Municipais de cada cidade. Aos guardas, o foco estar\u00e1 no protocolo de atendimento humanizado \u00e0s v\u00edtimas durante as ocorr\u00eancias registradas. \u201cVale destacar que Alagoas foi o primeiro estado do pa\u00eds a criar o protocolo especializado para as for\u00e7as de seguran\u00e7a estaduais atuarem da melhor forma poss\u00edvel no atendimento a essas mulheres que s\u00e3o violentadas\u201d, concluiu a tenente-coronel Camila Paiva.<\/p>\n<p>Tamb\u00e9m participaram da solenidade de lan\u00e7amento do Programa Mulher Segura nos Munic\u00edpios a secret\u00e1ria da Mulher e dos Direitos Humanos de Alagoas (Semudh-AL), Maria da Silva, e a presidente da Uni\u00e3o Nacional dos Dirigentes Municipais de Educa\u00e7\u00e3o em Alagoas (Undime-AL), Noemia Pereira, al\u00e9m de prefeitas, secret\u00e1rias e representantes municipais.<\/p>\n<p>Com Assessoria&nbsp;<\/p>\n<span style=\"clear:both;display:none;\"><img src=\"http:\/\/www.muricionline.com.br\/novo\/wp-content\/plugins\/wp-spamfree\/img\/wpsf-img.php\" width=\"0\" height=\"0\" alt=\"\" style=\"border-style:none;width:0px;height:0px;display:none;\" \/><\/span>","protected":false},"excerpt":{"rendered":"<p>Alagoas ganhou mais uma importante a\u00e7\u00e3o para ajudar no combate \u00e0 viol\u00eancia contra a mulher em todo o Estado. A Secretaria de Estado da Seguran\u00e7a P\u00fablica e a Associa\u00e7\u00e3o dos Munic\u00edpios Alagoanos (AMA) assinaram, na manh\u00e3 desta segunda-feira (20), um termo de parceria para a realiza\u00e7\u00e3o de um trabalho preventivo conjunto. O lan\u00e7amento do Programa&#8230;<\/p>\n","protected":false},"author":1,"featured_media":19639,"comment_status":"open","ping_status":"open","sticky":false,"template":"","format":"standard","meta":{"footnotes":""},"categories":[7,1],"tags":[5],"_links":{"self":[{"href":"http:\/\/www.muricionline.com.br\/novo\/index.php?rest_route=\/wp\/v2\/posts\/19638"}],"collection":[{"href":"http:\/\/www.muricionline.com.br\/novo\/index.php?rest_route=\/wp\/v2\/posts"}],"about":[{"href":"http:\/\/www.muricionline.com.br\/novo\/index.php?rest_route=\/wp\/v2\/types\/post"}],"author":[{"embeddable":true,"href":"http:\/\/www.muricionline.com.br\/novo\/index.php?rest_route=\/wp\/v2\/users\/1"}],"replies":[{"embeddable":true,"href":"http:\/\/www.muricionline.com.br\/novo\/index.php?rest_route=%2Fwp%2Fv2%2Fcomments&post=19638"}],"version-history":[{"count":1,"href":"http:\/\/www.muricionline.com.br\/novo\/index.php?rest_route=\/wp\/v2\/posts\/19638\/revisions"}],"predecessor-version":[{"id":19640,"href":"http:\/\/www.muricionline.com.br\/novo\/index.php?rest_route=\/wp\/v2\/posts\/19638\/revisions\/19640"}],"wp:featuredmedia":[{"embeddable":true,"href":"http:\/\/www.muricionline.com.br\/novo\/index.php?rest_route=\/wp\/v2\/media\/19639"}],"wp:attachment":[{"href":"http:\/\/www.muricionline.com.br\/novo\/index.php?rest_route=%2Fwp%2Fv2%2Fmedia&parent=19638"}],"wp:term":[{"taxonomy":"category","embeddable":true,"href":"http:\/\/www.muricionline.com.br\/novo\/index.php?rest_route=%2Fwp%2Fv2%2Fcategories&post=19638"},{"taxonomy":"post_tag","embeddable":true,"href":"http:\/\/www.muricionline.com.br\/novo\/index.php?rest_route=%2Fwp%2Fv2%2Ftags&post=19638"}],"curies":[{"name":"wp","href":"https:\/\/api.w.org\/{rel}","templated":true}]}}