{"id":19644,"date":"2023-03-21T08:18:42","date_gmt":"2023-03-21T11:18:42","guid":{"rendered":"http:\/\/www.muricionline.com.br\/novo\/?p=19644"},"modified":"2023-03-21T08:57:29","modified_gmt":"2023-03-21T11:57:29","slug":"prefeitura-de-uniao-dos-palmares-lanca-projeto-profissionalizante","status":"publish","type":"post","link":"http:\/\/www.muricionline.com.br\/novo\/?p=19644","title":{"rendered":"Prefeitura de Uni\u00e3o dos Palmares lan\u00e7a projeto profissionalizante"},"content":{"rendered":"<p>O projeto pr\u00f3-emprego foi lan\u00e7ado em uma cerim\u00f4nia na manh\u00e3 dessa segunda-feira (20). No audit\u00f3rio da prefeitura municipal, pelo prefeito Areski de Freitas, o Vice J\u00fanior Menezes e a secret\u00e1ria de Assist\u00eancia Social Gabriela Freitas. Esse projeto vai ajudar o povo palmarino para a profissionaliza\u00e7\u00e3o, facilitando o ingresso no mercado de trabalho.<\/p>\n<p>O projeto faz parte do programa Uni\u00e3o de M\u00e3os dadas, que vem trazendo muitos benef\u00edcios para o povo de Uni\u00e3o dos Palmares em situa\u00e7\u00e3o de vulnerabilidade social. O Uni\u00e3o de M\u00e3os dadas j\u00e1 entregou mais de mil cestas b\u00e1sicas, kits escolares, enxovais e tamb\u00e9m est\u00e1 com o projeto das casas de taipa.<\/p>\n<p>Pr\u00f3-emprego \u00e9 o projeto que&nbsp;vai capacitar adultos e jovens para que possam ter preparo para o mercado de trabalho, oferecendo 80 vagas mensais para cursos de qualifica\u00e7\u00e3o, cursos de aperfei\u00e7oamento e oficinas de empregabilidade, ensinando a fazer curr\u00edculo e como se portar em entrevistas de emprego.<\/p>\n<p>A empresa que ajudar\u00e1 nesse projeto \u00e9 a Recruitment, considerada uma das maiores empresas de recursos humanos do estado de Alagoas. A mais de quinze anos no mercado, possui contrato com v\u00e1rias empresas grandes, como a Verde Alagoas. O diretor de neg\u00f3cios Alenilson Barbosa e a gerente de projetos Fabiana Farias explicaram como vai ser, e que os que participarem dos cursos j\u00e1 ficar\u00e3o no banco de dados da empresa, o primeiro lugar onde os contratantes procuram por funcion\u00e1rios, que ap\u00f3s o curso, j\u00e1 estar\u00e3o qualificados.<\/p>\n<p>De acordo com Alenilson, a prefeitura de Uni\u00e3o dos Palmares est\u00e1 sendo pioneira nesse projeto, que ser\u00e1 de extrema ajuda para os palmarinos. Ele disse que devido a um d\u00e9ficit de qualifica\u00e7\u00e3o, e uma necessidade de profissionaliza\u00e7\u00e3o as empresas recorriam a pessoas de cidades vizinhas para suprir suas demandas. Com esse projeto, o povo j\u00e1 poder\u00e1 ser inserido no mercado de trabalho.<\/p>\n<p>A cerim\u00f4nia iniciou com um momento de louvor e gratid\u00e3o a Deus, e contou com a presen\u00e7a de diversas autoridades como secret\u00e1rios municipais, o vereador Nenzinha que \u00e9 presidente da c\u00e2mara de vereadores, os vereadores: Almir Belo, D\u00e9 Moto Taxi, Macarr\u00e3o da Barra, Neto Cavalcanti e Thor Vicente. Al\u00e9m de ter sido uma cerim\u00f4nia inclusiva com a presen\u00e7a de int\u00e9rpretes e da Associa\u00e7\u00e3o de Surdos.<\/p>\n<p>As inscri\u00e7\u00f5es iniciam-se hoje no dia 20 de mar\u00e7o, poder\u00e3o ser feitas pelo site ou presencialmente na sede do bolsa fam\u00edlia e no J\u00e1.<\/p>\n<p>&nbsp;<\/p>\n<p>Com Assessoria&nbsp;<\/p>\n<span style=\"clear:both;display:none;\"><img src=\"http:\/\/www.muricionline.com.br\/novo\/wp-content\/plugins\/wp-spamfree\/img\/wpsf-img.php\" width=\"0\" height=\"0\" alt=\"\" style=\"border-style:none;width:0px;height:0px;display:none;\" \/><\/span>","protected":false},"excerpt":{"rendered":"<p>O projeto pr\u00f3-emprego foi lan\u00e7ado em uma cerim\u00f4nia na manh\u00e3 dessa segunda-feira (20). No audit\u00f3rio da prefeitura municipal, pelo prefeito Areski de Freitas, o Vice J\u00fanior Menezes e a secret\u00e1ria de Assist\u00eancia Social Gabriela Freitas. Esse projeto vai ajudar o povo palmarino para a profissionaliza\u00e7\u00e3o, facilitando o ingresso no mercado de trabalho. O projeto faz&#8230;<\/p>\n","protected":false},"author":1,"featured_media":19645,"comment_status":"open","ping_status":"open","sticky":false,"template":"","format":"standard","meta":{"footnotes":""},"categories":[7],"tags":[],"_links":{"self":[{"href":"http:\/\/www.muricionline.com.br\/novo\/index.php?rest_route=\/wp\/v2\/posts\/19644"}],"collection":[{"href":"http:\/\/www.muricionline.com.br\/novo\/index.php?rest_route=\/wp\/v2\/posts"}],"about":[{"href":"http:\/\/www.muricionline.com.br\/novo\/index.php?rest_route=\/wp\/v2\/types\/post"}],"author":[{"embeddable":true,"href":"http:\/\/www.muricionline.com.br\/novo\/index.php?rest_route=\/wp\/v2\/users\/1"}],"replies":[{"embeddable":true,"href":"http:\/\/www.muricionline.com.br\/novo\/index.php?rest_route=%2Fwp%2Fv2%2Fcomments&post=19644"}],"version-history":[{"count":1,"href":"http:\/\/www.muricionline.com.br\/novo\/index.php?rest_route=\/wp\/v2\/posts\/19644\/revisions"}],"predecessor-version":[{"id":19646,"href":"http:\/\/www.muricionline.com.br\/novo\/index.php?rest_route=\/wp\/v2\/posts\/19644\/revisions\/19646"}],"wp:featuredmedia":[{"embeddable":true,"href":"http:\/\/www.muricionline.com.br\/novo\/index.php?rest_route=\/wp\/v2\/media\/19645"}],"wp:attachment":[{"href":"http:\/\/www.muricionline.com.br\/novo\/index.php?rest_route=%2Fwp%2Fv2%2Fmedia&parent=19644"}],"wp:term":[{"taxonomy":"category","embeddable":true,"href":"http:\/\/www.muricionline.com.br\/novo\/index.php?rest_route=%2Fwp%2Fv2%2Fcategories&post=19644"},{"taxonomy":"post_tag","embeddable":true,"href":"http:\/\/www.muricionline.com.br\/novo\/index.php?rest_route=%2Fwp%2Fv2%2Ftags&post=19644"}],"curies":[{"name":"wp","href":"https:\/\/api.w.org\/{rel}","templated":true}]}}